{"id":257440,"date":"2026-09-06T21:07:29","date_gmt":"2026-09-06T17:07:29","guid":{"rendered":"https:\/\/ucnoqta.az\/?p=257440"},"modified":"2026-09-06T21:07:29","modified_gmt":"2026-09-06T17:07:29","slug":"trampin-oglu-estoniyaya-g%c9%99lib","status":"publish","type":"post","link":"https:\/\/ucnoqta.az\/?p=257440","title":{"rendered":"Tramp\u0131n o\u011flu Estoniyaya g\u0259lib"},"content":{"rendered":"<p class=\"isSelectedEnd\"><strong>AB\u015e Prezidenti Donald Tramp\u0131n b\u00f6y\u00fck o\u011flu, i\u015f adam\u0131 Donald Tramp Jr. Estoniyan\u0131n paytaxt\u0131 Tallin\u0259 g\u0259lib.<\/strong><\/p>\n<p class=\"isSelectedEnd\">Ucnoqta.az x\u0259b\u0259r verir ki, bu bar\u0259d\u0259 Estoniyan\u0131n \u201cPostimees\u201d q\u0259zeti m\u0259lumat yay\u0131b.<\/p>\n<p class=\"isSelectedEnd\">Tramp Jr.-\u0131n Estoniyaya s\u0259f\u0259rinin m\u0259qs\u0259di m\u0259lum deyil. O, Tallind\u0259 oldu\u011fu m\u00fcdd\u0259td\u0259 \u201cRadisson\u201d \u015f\u0259b\u0259k\u0259sin\u0259 m\u0259xsus oteld\u0259 yerl\u0259\u015fib v\u0259 \u015f\u0259h\u0259rd\u0259 m\u00fchafiz\u0259\u00e7il\u0259rin m\u00fc\u015fayi\u0259ti il\u0259 h\u0259r\u0259k\u0259t edir.<\/p>\n<p class=\"isSelectedEnd\">AB\u015e-\u0131n Estoniyadak\u0131 s\u0259firliyi \u201cPostimees\u201d v\u0259 \u201cDelfi\u201d portal\u0131n\u0131n s\u0259f\u0259rl\u0259 ba\u011fl\u0131 sor\u011fular\u0131n\u0131 \u015f\u0259rh etm\u0259kd\u0259n imtina edib.<\/p>\n","protected":false},"excerpt":{"rendered":"<p>AB\u015e Prezidenti Donald Tramp\u0131n b\u00f6y\u00fck o\u011flu, i\u015f adam\u0131 Donald Tramp Jr. Estoniyan\u0131n paytaxt\u0131 Tallin\u0259 g\u0259lib. Ucnoqta.az x\u0259b\u0259r verir ki, bu bar\u0259d\u0259 Estoniyan\u0131n \u201cPostimees\u201d q\u0259zeti m\u0259lumat yay\u0131b. Tramp Jr.-\u0131n Estoniyaya s\u0259f\u0259rinin&hellip;<\/p>\n","protected":false},"author":2,"featured_media":257441,"comment_status":"closed","ping_status":"closed","sticky":false,"template":"","format":"standard","meta":{"_lmt_disableupdate":"","_lmt_disable":"","footnotes":""},"categories":[89],"tags":[],"class_list":["post-257440","post","type-post","status-publish","format-standard","has-post-thumbnail","hentry","category-dunya-butun-xeberler"],"_links":{"self":[{"href":"https:\/\/ucnoqta.az\/index.php?rest_route=\/wp\/v2\/posts\/257440","targetHints":{"allow":["GET"]}}],"collection":[{"href":"https:\/\/ucnoqta.az\/index.php?rest_route=\/wp\/v2\/posts"}],"about":[{"href":"https:\/\/ucnoqta.az\/index.php?rest_route=\/wp\/v2\/types\/post"}],"author":[{"embeddable":true,"href":"https:\/\/ucnoqta.az\/index.php?rest_route=\/wp\/v2\/users\/2"}],"replies":[{"embeddable":true,"href":"https:\/\/ucnoqta.az\/index.php?rest_route=%2Fwp%2Fv2%2Fcomments&post=257440"}],"version-history":[{"count":0,"href":"https:\/\/ucnoqta.az\/index.php?rest_route=\/wp\/v2\/posts\/257440\/revisions"}],"wp:featuredmedia":[{"embeddable":true,"href":"https:\/\/ucnoqta.az\/index.php?rest_route=\/wp\/v2\/media\/257441"}],"wp:attachment":[{"href":"https:\/\/ucnoqta.az\/index.php?rest_route=%2Fwp%2Fv2%2Fmedia&parent=257440"}],"wp:term":[{"taxonomy":"category","embeddable":true,"href":"https:\/\/ucnoqta.az\/index.php?rest_route=%2Fwp%2Fv2%2Fcategories&post=257440"},{"taxonomy":"post_tag","embeddable":true,"href":"https:\/\/ucnoqta.az\/index.php?rest_route=%2Fwp%2Fv2%2Ftags&post=257440"}],"curies":[{"name":"wp","href":"https:\/\/api.w.org\/{rel}","templated":true}]}}