{"id":257435,"date":"2026-09-06T19:55:45","date_gmt":"2026-09-06T15:55:45","guid":{"rendered":"https:\/\/ucnoqta.az\/?p=257435"},"modified":"2026-09-06T19:55:45","modified_gmt":"2026-09-06T15:55:45","slug":"uitkoff-v%c9%99-kusnerd%c9%99n-zelenskiy%c9%99-mesaj","status":"publish","type":"post","link":"https:\/\/ucnoqta.az\/?p=257435","title":{"rendered":"Uitkoff v\u0259 Ku\u015fnerd\u0259n Zelenskiy\u0259 mesaj"},"content":{"rendered":"<p data-start=\"84\" data-end=\"315\"><strong>AB\u015e prezidentinin x\u00fcsusi n\u00fcmay\u0259nd\u0259si Stiv Uitkoff v\u0259 amerikal\u0131 liderin k\u00fcr\u0259k\u0259ni Cared Ku\u015fner Vladimir Zelenskiy\u0259 Ukraynada m\u00fcnaqi\u015f\u0259nin nizamlanmas\u0131 \u00fczr\u0259 dan\u0131\u015f\u0131qlarda q\u0131\u015fa q\u0259d\u0259r ciddi ir\u0259lil\u0259yi\u015f \u0259ld\u0259 etm\u0259k ist\u0259dikl\u0259rini bildiribl\u0259r.<\/strong><\/p>\n<p data-start=\"317\" data-end=\"381\">Uccnoqta.az x\u0259b\u0259r verir ki, bu bar\u0259d\u0259 Axios portal\u0131 m\u0259nb\u0259l\u0259rin\u0259 istinad\u0259n m\u0259lumat yay\u0131b.<\/p>\n<p data-start=\"383\" data-end=\"505\" data-is-last-node=\"\" data-is-only-node=\"\">M\u0259lumata g\u00f6r\u0259, Uitkoff v\u0259 Ku\u015fner Zelenski il\u0259 Ukraynan\u0131n q\u0131\u015f d\u00f6vr\u00fcnd\u0259 h\u0259rbi \u0259m\u0259liyyatlara haz\u0131rl\u0131\u011f\u0131n\u0131 da m\u00fczakir\u0259 edibl\u0259r.<\/p>\n","protected":false},"excerpt":{"rendered":"<p>AB\u015e prezidentinin x\u00fcsusi n\u00fcmay\u0259nd\u0259si Stiv Uitkoff v\u0259 amerikal\u0131 liderin k\u00fcr\u0259k\u0259ni Cared Ku\u015fner Vladimir Zelenskiy\u0259 Ukraynada m\u00fcnaqi\u015f\u0259nin nizamlanmas\u0131 \u00fczr\u0259 dan\u0131\u015f\u0131qlarda q\u0131\u015fa q\u0259d\u0259r ciddi ir\u0259lil\u0259yi\u015f \u0259ld\u0259 etm\u0259k ist\u0259dikl\u0259rini bildiribl\u0259r. Uccnoqta.az x\u0259b\u0259r verir&hellip;<\/p>\n","protected":false},"author":2,"featured_media":257436,"comment_status":"closed","ping_status":"closed","sticky":false,"template":"","format":"standard","meta":{"_lmt_disableupdate":"","_lmt_disable":"","footnotes":""},"categories":[89],"tags":[],"class_list":["post-257435","post","type-post","status-publish","format-standard","has-post-thumbnail","hentry","category-dunya-butun-xeberler"],"_links":{"self":[{"href":"https:\/\/ucnoqta.az\/index.php?rest_route=\/wp\/v2\/posts\/257435","targetHints":{"allow":["GET"]}}],"collection":[{"href":"https:\/\/ucnoqta.az\/index.php?rest_route=\/wp\/v2\/posts"}],"about":[{"href":"https:\/\/ucnoqta.az\/index.php?rest_route=\/wp\/v2\/types\/post"}],"author":[{"embeddable":true,"href":"https:\/\/ucnoqta.az\/index.php?rest_route=\/wp\/v2\/users\/2"}],"replies":[{"embeddable":true,"href":"https:\/\/ucnoqta.az\/index.php?rest_route=%2Fwp%2Fv2%2Fcomments&post=257435"}],"version-history":[{"count":0,"href":"https:\/\/ucnoqta.az\/index.php?rest_route=\/wp\/v2\/posts\/257435\/revisions"}],"wp:featuredmedia":[{"embeddable":true,"href":"https:\/\/ucnoqta.az\/index.php?rest_route=\/wp\/v2\/media\/257436"}],"wp:attachment":[{"href":"https:\/\/ucnoqta.az\/index.php?rest_route=%2Fwp%2Fv2%2Fmedia&parent=257435"}],"wp:term":[{"taxonomy":"category","embeddable":true,"href":"https:\/\/ucnoqta.az\/index.php?rest_route=%2Fwp%2Fv2%2Fcategories&post=257435"},{"taxonomy":"post_tag","embeddable":true,"href":"https:\/\/ucnoqta.az\/index.php?rest_route=%2Fwp%2Fv2%2Ftags&post=257435"}],"curies":[{"name":"wp","href":"https:\/\/api.w.org\/{rel}","templated":true}]}}