{"id":257424,"date":"2026-09-06T17:26:22","date_gmt":"2026-09-06T13:26:22","guid":{"rendered":"https:\/\/ucnoqta.az\/?p=257424"},"modified":"2026-09-06T17:26:22","modified_gmt":"2026-09-06T13:26:22","slug":"yaponiyada-iki-abs-d%c9%99niz-piyadasi-saxlanilib","status":"publish","type":"post","link":"https:\/\/ucnoqta.az\/?p=257424","title":{"rendered":"Yaponiyada iki AB\u015e d\u0259niz piyadas\u0131 saxlan\u0131l\u0131b"},"content":{"rendered":"<p data-start=\"50\" data-end=\"172\"><strong>Yaponiyan\u0131n Okinava adas\u0131nda iki AB\u015e h\u0259rb\u00e7isi \u00fc\u00e7 yerli sakin\u0259 h\u00fccum etm\u0259kd\u0259 \u015f\u00fcbh\u0259li bilin\u0259r\u0259k polis t\u0259r\u0259find\u0259n saxlan\u0131l\u0131b.<\/strong><\/p>\n<p data-start=\"174\" data-end=\"223\">Ucnoqta.az x\u0259b\u0259r verir ki, bu bar\u0259d\u0259 Okinawa Times q\u0259zeti m\u0259lumat yay\u0131b.<\/p>\n<p data-start=\"225\" data-end=\"481\">Hadis\u0259 yerli festival m\u00fcnasib\u0259til\u0259 ke\u00e7iril\u0259n bayram t\u0259dbirl\u0259ri zaman\u0131 ba\u015f verib. Polisin m\u0259lumat\u0131na g\u00f6r\u0259, Kemp-Korni bazas\u0131nda xidm\u0259t ed\u0259n AB\u015e D\u0259niz Piyadalar\u0131 Korpusunun iki h\u0259rb\u00e7isi \u00fc\u00e7 yerli sakini it\u0259l\u0259yib v\u0259 onlar\u0131n \u00fcz\u00fcn\u0259 yumruqla z\u0259rb\u0259l\u0259r endirib.<\/p>\n<p data-start=\"483\" data-end=\"598\">Hadis\u0259 yerin\u0259 polis \u0259m\u0259kda\u015flar\u0131 g\u0259lib. Saxlan\u0131lan h\u0259r iki h\u0259rb\u00e7inin alkoqolun t\u0259siri alt\u0131nda oldu\u011fu bildirilir.<\/p>\n<p data-start=\"600\" data-end=\"675\" data-is-last-node=\"\" data-is-only-node=\"\">Haz\u0131rda h\u00fcquq-m\u00fchafiz\u0259 orqanlar\u0131 hadis\u0259nin b\u00fct\u00fcn t\u0259f\u0259rr\u00fcatlar\u0131n\u0131 ara\u015fd\u0131r\u0131r.<\/p>\n","protected":false},"excerpt":{"rendered":"<p>Yaponiyan\u0131n Okinava adas\u0131nda iki AB\u015e h\u0259rb\u00e7isi \u00fc\u00e7 yerli sakin\u0259 h\u00fccum etm\u0259kd\u0259 \u015f\u00fcbh\u0259li bilin\u0259r\u0259k polis t\u0259r\u0259find\u0259n saxlan\u0131l\u0131b. Ucnoqta.az x\u0259b\u0259r verir ki, bu bar\u0259d\u0259 Okinawa Times q\u0259zeti m\u0259lumat yay\u0131b. Hadis\u0259 yerli festival&hellip;<\/p>\n","protected":false},"author":2,"featured_media":257425,"comment_status":"closed","ping_status":"closed","sticky":false,"template":"","format":"standard","meta":{"_lmt_disableupdate":"","_lmt_disable":"","footnotes":""},"categories":[89],"tags":[],"class_list":["post-257424","post","type-post","status-publish","format-standard","has-post-thumbnail","hentry","category-dunya-butun-xeberler"],"_links":{"self":[{"href":"https:\/\/ucnoqta.az\/index.php?rest_route=\/wp\/v2\/posts\/257424","targetHints":{"allow":["GET"]}}],"collection":[{"href":"https:\/\/ucnoqta.az\/index.php?rest_route=\/wp\/v2\/posts"}],"about":[{"href":"https:\/\/ucnoqta.az\/index.php?rest_route=\/wp\/v2\/types\/post"}],"author":[{"embeddable":true,"href":"https:\/\/ucnoqta.az\/index.php?rest_route=\/wp\/v2\/users\/2"}],"replies":[{"embeddable":true,"href":"https:\/\/ucnoqta.az\/index.php?rest_route=%2Fwp%2Fv2%2Fcomments&post=257424"}],"version-history":[{"count":0,"href":"https:\/\/ucnoqta.az\/index.php?rest_route=\/wp\/v2\/posts\/257424\/revisions"}],"wp:featuredmedia":[{"embeddable":true,"href":"https:\/\/ucnoqta.az\/index.php?rest_route=\/wp\/v2\/media\/257425"}],"wp:attachment":[{"href":"https:\/\/ucnoqta.az\/index.php?rest_route=%2Fwp%2Fv2%2Fmedia&parent=257424"}],"wp:term":[{"taxonomy":"category","embeddable":true,"href":"https:\/\/ucnoqta.az\/index.php?rest_route=%2Fwp%2Fv2%2Fcategories&post=257424"},{"taxonomy":"post_tag","embeddable":true,"href":"https:\/\/ucnoqta.az\/index.php?rest_route=%2Fwp%2Fv2%2Ftags&post=257424"}],"curies":[{"name":"wp","href":"https:\/\/api.w.org\/{rel}","templated":true}]}}