{"id":257417,"date":"2026-09-06T12:55:25","date_gmt":"2026-09-06T08:55:25","guid":{"rendered":"https:\/\/ucnoqta.az\/?p=257417"},"modified":"2026-09-06T12:57:12","modified_gmt":"2026-09-06T08:57:12","slug":"sabah-qqar-yagacaq","status":"publish","type":"post","link":"https:\/\/ucnoqta.az\/?p=257417","title":{"rendered":"Sabah qar ya\u011facaq"},"content":{"rendered":"<p><strong>Sentyabr\u0131n 7-d\u0259 g\u00f6zl\u0259nil\u0259n hava proqnozu a\u00e7\u0131qlan\u0131b.<\/strong><\/p>\n<p>Bu bar\u0259d\u0259 Ucnoqta.az-a Milli Hidrometeorologiya Xidm\u0259tind\u0259n x\u0259b\u0259r verilib.<\/p>\n<p>Sabah Bak\u0131da v\u0259 Ab\u015feron yar\u0131madas\u0131nda hava \u015f\u0259raitinin d\u0259yi\u015fk\u0259n buludlu olaca\u011f\u0131, arabir tutulaca\u011f\u0131, \u0259sas\u0259n ya\u011fmursuz ke\u00e7\u0259c\u0259yi, lakin g\u00fcnd\u00fczd\u0259n b\u0259zi yerl\u0259rd\u0259 fasil\u0259l\u0259rl\u0259 ya\u011f\u0131\u015f ya\u011faca\u011f\u0131 g\u00f6zl\u0259nilir. Yar\u0131madan\u0131n ayr\u0131-ayr\u0131 yerl\u0259rind\u0259 q\u0131sam\u00fcdd\u0259tli leysan xarakterli olaca\u011f\u0131, \u015fim\u015f\u0259k \u00e7axaca\u011f\u0131 ehtimal\u0131 var. M\u00fclayim c\u0259nub-q\u0259rb k\u00fcl\u0259yi g\u00fcnd\u00fcz g\u00fccl\u00fc \u015fimal-q\u0259rb k\u00fcl\u0259yi il\u0259 \u0259v\u0259z olunacaq.<\/p>\n<p>Havan\u0131n temperaturu gec\u0259 20-23\u00b0, g\u00fcnd\u00fcz 28-32\u00b0, ax\u015fam 26\u00b0 isti olacaq. Atmosfer t\u0259zyiqi 753 mm civ\u0259 s\u00fctunundan 758 mm civ\u0259 s\u00fctununa y\u00fcks\u0259l\u0259c\u0259k. Nisbi r\u00fctub\u0259t 60-70 % olacaq.<\/p>\n<p>Sentyabr\u0131n 7-d\u0259 Az\u0259rbaycan\u0131n rayonlar\u0131nda b\u0259zi yerl\u0259rd\u0259 fasil\u0259l\u0259rl\u0259 ya\u011f\u0131\u015f ya\u011faca\u011f\u0131 g\u00f6zl\u0259nilir. Ayr\u0131-ayr\u0131 yerl\u0259rd\u0259 leysan xarakterli intensiv olaca\u011f\u0131, \u015fim\u015f\u0259k \u00e7axaca\u011f\u0131, dolu d\u00fc\u015f\u0259c\u0259yi, ax\u015fam ya\u011f\u0131nt\u0131lar\u0131n g\u00fccl\u0259n\u0259c\u0259yi, y\u00fcks\u0259k da\u011fl\u0131q \u0259razil\u0259rd\u0259 qara ke\u00e7\u0259c\u0259yi ehtimal\u0131 var. Gec\u0259 v\u0259 s\u0259h\u0259r b\u0259zi da\u011fl\u0131q \u0259razil\u0259rd\u0259 arabir duman. Q\u0259rb b\u0259zi yerl\u0259rd\u0259 arabir g\u00fccl\u0259n\u0259c\u0259k.<\/p>\n<p>Havan\u0131n temperaturu gec\u0259 18-23\u00b0 isti, g\u00fcnd\u00fcz 30-34\u00b0 isti, da\u011flarda gec\u0259 12-17\u00b0 isti, g\u00fcnd\u00fcz 18-23\u00b0 isti olacaq.<\/p>\n","protected":false},"excerpt":{"rendered":"<p>Sentyabr\u0131n 7-d\u0259 g\u00f6zl\u0259nil\u0259n hava proqnozu a\u00e7\u0131qlan\u0131b. Bu bar\u0259d\u0259 Ucnoqta.az-a Milli Hidrometeorologiya Xidm\u0259tind\u0259n x\u0259b\u0259r verilib. Sabah Bak\u0131da v\u0259 Ab\u015feron yar\u0131madas\u0131nda hava \u015f\u0259raitinin d\u0259yi\u015fk\u0259n buludlu olaca\u011f\u0131, arabir tutulaca\u011f\u0131, \u0259sas\u0259n ya\u011fmursuz ke\u00e7\u0259c\u0259yi, lakin&hellip;<\/p>\n","protected":false},"author":2,"featured_media":257420,"comment_status":"closed","ping_status":"closed","sticky":false,"template":"","format":"standard","meta":{"_lmt_disableupdate":"no","_lmt_disable":"","footnotes":""},"categories":[91],"tags":[],"class_list":["post-257417","post","type-post","status-publish","format-standard","has-post-thumbnail","hentry","category-olkeici"],"_links":{"self":[{"href":"https:\/\/ucnoqta.az\/index.php?rest_route=\/wp\/v2\/posts\/257417","targetHints":{"allow":["GET"]}}],"collection":[{"href":"https:\/\/ucnoqta.az\/index.php?rest_route=\/wp\/v2\/posts"}],"about":[{"href":"https:\/\/ucnoqta.az\/index.php?rest_route=\/wp\/v2\/types\/post"}],"author":[{"embeddable":true,"href":"https:\/\/ucnoqta.az\/index.php?rest_route=\/wp\/v2\/users\/2"}],"replies":[{"embeddable":true,"href":"https:\/\/ucnoqta.az\/index.php?rest_route=%2Fwp%2Fv2%2Fcomments&post=257417"}],"version-history":[{"count":0,"href":"https:\/\/ucnoqta.az\/index.php?rest_route=\/wp\/v2\/posts\/257417\/revisions"}],"wp:featuredmedia":[{"embeddable":true,"href":"https:\/\/ucnoqta.az\/index.php?rest_route=\/wp\/v2\/media\/257420"}],"wp:attachment":[{"href":"https:\/\/ucnoqta.az\/index.php?rest_route=%2Fwp%2Fv2%2Fmedia&parent=257417"}],"wp:term":[{"taxonomy":"category","embeddable":true,"href":"https:\/\/ucnoqta.az\/index.php?rest_route=%2Fwp%2Fv2%2Fcategories&post=257417"},{"taxonomy":"post_tag","embeddable":true,"href":"https:\/\/ucnoqta.az\/index.php?rest_route=%2Fwp%2Fv2%2Ftags&post=257417"}],"curies":[{"name":"wp","href":"https:\/\/api.w.org\/{rel}","templated":true}]}}