{"id":257412,"date":"2026-09-06T11:46:22","date_gmt":"2026-09-06T07:46:22","guid":{"rendered":"https:\/\/ucnoqta.az\/?p=257412"},"modified":"2026-09-06T11:46:22","modified_gmt":"2026-09-06T07:46:22","slug":"ilham-eliyev-esvatini-kralini-t%c9%99brik-edib","status":"publish","type":"post","link":"https:\/\/ucnoqta.az\/?p=257412","title":{"rendered":"\u0130lham \u018fliyev Esvatini Kral\u0131n\u0131 t\u0259brik edib"},"content":{"rendered":"<p><strong>Az\u0259rbaycan Respublikas\u0131n\u0131n Prezidenti \u0130lham \u018fliyev Esvatininin Kral\u0131 \u018flah\u0259zr\u0259t III Msvatini t\u0259brik edib.<\/strong><\/p>\n<p>Ucnoqta.az x\u0259b\u0259r verir ki, t\u0259brikd\u0259 bildirilir:<\/p>\n<p>&#8220;\u018flah\u0259zr\u0259t,<\/p>\n<p>Esvatini Krall\u0131\u011f\u0131n\u0131n milli bayram\u0131 \u2013 M\u00fcst\u0259qillik G\u00fcn\u00fc m\u00fcnasib\u0259til\u0259 Sizi v\u0259 Sizin siman\u0131zda b\u00fct\u00fcn xalq\u0131n\u0131z\u0131 \u00f6z ad\u0131mdan v\u0259 Az\u0259rbaycan xalq\u0131 ad\u0131ndan \u00fcr\u0259kd\u0259n t\u0259brik edir\u0259m.<\/p>\n<p>Haz\u0131rda Az\u0259rbaycan il\u0259 Esvatini aras\u0131nda m\u00fcnasib\u0259tl\u0259rin inki\u015faf etdirilm\u0259si \u00fc\u00e7\u00fcn yax\u015f\u0131 \u015f\u0259rait formala\u015fm\u0131\u015fd\u0131r. Cari ilin may ay\u0131nda WUF13-d\u0259 i\u015ftirak etm\u0259k \u00fc\u00e7\u00fcn Bak\u0131ya s\u0259f\u0259riniz Az\u0259rbaycan-Esvatini \u0259laq\u0259l\u0259rinin tarixind\u0259 x\u00fcsusi yer tutur. M\u0259n Sizinl\u0259 s\u0259mimiyy\u0259t \u015f\u0259raitind\u0259 ke\u00e7\u0259n g\u00f6r\u00fc\u015f\u00fcm\u00fcz\u00fc v\u0259 apard\u0131\u011f\u0131m\u0131z fikir m\u00fcbadil\u0259sini \u0259n xo\u015f t\u0259\u0259ss\u00fcratlarla xat\u0131rlay\u0131ram.<\/p>\n<p>\u0130nan\u0131ram ki, xalqlar\u0131m\u0131z\u0131n m\u0259nafel\u0259rin\u0259 uy\u011fun olaraq \u00f6lk\u0259l\u0259rimiz aras\u0131nda dostluq m\u00fcnasib\u0259tl\u0259rini m\u00f6hk\u0259ml\u0259ndirm\u0259k, \u0259m\u0259kda\u015fl\u0131\u011f\u0131m\u0131z\u0131n potensial\u0131ndan tam b\u0259hr\u0259l\u0259nm\u0259k \u00fc\u00e7\u00fcn bundan sonra da birg\u0259 s\u0259yl\u0259r g\u00f6st\u0259r\u0259c\u0259yik.<\/p>\n<p>Bu bayram g\u00fcn\u00fcnd\u0259 Siz\u0259 m\u00f6hk\u0259m cansa\u011fl\u0131\u011f\u0131, xo\u015fb\u0259xtlik, i\u015fl\u0259rinizd\u0259 u\u011furlar, dost xalq\u0131n\u0131za \u0259min-amanl\u0131q v\u0259 rifah dil\u0259yir\u0259m&#8221;.<\/p>\n","protected":false},"excerpt":{"rendered":"<p>Az\u0259rbaycan Respublikas\u0131n\u0131n Prezidenti \u0130lham \u018fliyev Esvatininin Kral\u0131 \u018flah\u0259zr\u0259t III Msvatini t\u0259brik edib. Ucnoqta.az x\u0259b\u0259r verir ki, t\u0259brikd\u0259 bildirilir: &#8220;\u018flah\u0259zr\u0259t, Esvatini Krall\u0131\u011f\u0131n\u0131n milli bayram\u0131 \u2013 M\u00fcst\u0259qillik G\u00fcn\u00fc m\u00fcnasib\u0259til\u0259 Sizi v\u0259 Sizin&hellip;<\/p>\n","protected":false},"author":2,"featured_media":257413,"comment_status":"closed","ping_status":"closed","sticky":false,"template":"","format":"standard","meta":{"_lmt_disableupdate":"","_lmt_disable":"","footnotes":""},"categories":[86],"tags":[],"class_list":["post-257412","post","type-post","status-publish","format-standard","has-post-thumbnail","hentry","category-siyaset"],"_links":{"self":[{"href":"https:\/\/ucnoqta.az\/index.php?rest_route=\/wp\/v2\/posts\/257412","targetHints":{"allow":["GET"]}}],"collection":[{"href":"https:\/\/ucnoqta.az\/index.php?rest_route=\/wp\/v2\/posts"}],"about":[{"href":"https:\/\/ucnoqta.az\/index.php?rest_route=\/wp\/v2\/types\/post"}],"author":[{"embeddable":true,"href":"https:\/\/ucnoqta.az\/index.php?rest_route=\/wp\/v2\/users\/2"}],"replies":[{"embeddable":true,"href":"https:\/\/ucnoqta.az\/index.php?rest_route=%2Fwp%2Fv2%2Fcomments&post=257412"}],"version-history":[{"count":0,"href":"https:\/\/ucnoqta.az\/index.php?rest_route=\/wp\/v2\/posts\/257412\/revisions"}],"wp:featuredmedia":[{"embeddable":true,"href":"https:\/\/ucnoqta.az\/index.php?rest_route=\/wp\/v2\/media\/257413"}],"wp:attachment":[{"href":"https:\/\/ucnoqta.az\/index.php?rest_route=%2Fwp%2Fv2%2Fmedia&parent=257412"}],"wp:term":[{"taxonomy":"category","embeddable":true,"href":"https:\/\/ucnoqta.az\/index.php?rest_route=%2Fwp%2Fv2%2Fcategories&post=257412"},{"taxonomy":"post_tag","embeddable":true,"href":"https:\/\/ucnoqta.az\/index.php?rest_route=%2Fwp%2Fv2%2Ftags&post=257412"}],"curies":[{"name":"wp","href":"https:\/\/api.w.org\/{rel}","templated":true}]}}