{"id":257406,"date":"2026-09-06T10:21:22","date_gmt":"2026-09-06T06:21:22","guid":{"rendered":"https:\/\/ucnoqta.az\/?p=257406"},"modified":"2026-09-06T10:21:22","modified_gmt":"2026-09-06T06:21:22","slug":"agdamda-traktor-minaya-dusub","status":"publish","type":"post","link":"https:\/\/ucnoqta.az\/?p=257406","title":{"rendered":"A\u011fdamda traktor minaya d\u00fc\u015f\u00fcb"},"content":{"rendered":"<p><strong>Sentyabr\u0131n 5-d\u0259 i\u015f\u011faldan azad edilmi\u015f A\u011fdam rayonunun \u00c7\u0259m\u0259nli Sar\u0131cal\u0131 k\u0259ndi \u0259razisind\u0259 mina partlay\u0131\u015f\u0131 hadis\u0259si bas\u0327 verib.<\/strong><\/p>\n<p>Ucnoqta.az x\u0259b\u0259r verir ki, bu bar\u0259d\u0259 Az\u0259rbaycan Respublikas\u0131 Daxili I\u0307s\u0327l\u0259r Nazirliyi, Bas\u0327 Prokurorlug\u0306u v\u0259 Minat\u0259mizl\u0259m\u0259 Agentliyinin (ANAMA) M\u0259tbuat xidm\u0259tl\u0259ri m\u0259lumat yay\u0131b.<\/p>\n<p>Qeyd edilib ki, A\u011fcab\u0259di rayonu \u015eotlanl\u0131 k\u0259nd sakini 1972-ci il t\u0259v\u0259ll\u00fcdl\u00fc Sar\u0131yev Elmdar Xan o\u011flunun minalardan t\u0259mizl\u0259nm\u0259mi\u015f \u0259razid\u0259 idar\u0259 etdiyi traktor minaya d\u00fc\u015f\u00fcb. Hadis\u0259 zaman\u0131 Sar\u0131yev Elmdar x\u0259sar\u0259t al\u0131b.<\/p>\n<p>Faktla bag\u0306l\u0131 A\u011fdam rayon prokurorlug\u0306unda aras\u0327d\u0131rma apar\u0131l\u0131r.<\/p>\n<p>ANAMA, AR D\u0130N v\u0259 Ba\u015f Prokurorluq bir daha v\u0259t\u0259nda\u015flar\u0131 t\u0259hl\u00fck\u0259sizlik qaydalar\u0131na riay\u0259t etm\u0259y\u0259, mina t\u0259hl\u00fck\u0259si i\u015far\u0259l\u0259rinin g\u00f6st\u0259ricil\u0259rin\u0259 diqq\u0259tl\u0259 yana\u015fma\u011fa, \u015f\u00fcbh\u0259li \u0259\u015fyalara toxunmama\u011fa, b\u0259l\u0259d olmad\u0131qlar\u0131 \u0259razil\u0259r\u0259 daxil olmama\u011fa, \u00e7\u0259p\u0259rl\u0259m\u0259 f\u0259aliyy\u0259ti apar\u0131lan \u0259razil\u0259r\u0259 m\u00fcdaxil\u0259 etm\u0259m\u0259y\u0259 \u00e7a\u011f\u0131r\u0131r!<\/p>\n","protected":false},"excerpt":{"rendered":"<p>Sentyabr\u0131n 5-d\u0259 i\u015f\u011faldan azad edilmi\u015f A\u011fdam rayonunun \u00c7\u0259m\u0259nli Sar\u0131cal\u0131 k\u0259ndi \u0259razisind\u0259 mina partlay\u0131\u015f\u0131 hadis\u0259si bas\u0327 verib. Ucnoqta.az x\u0259b\u0259r verir ki, bu bar\u0259d\u0259 Az\u0259rbaycan Respublikas\u0131 Daxili I\u0307s\u0327l\u0259r Nazirliyi, Bas\u0327 Prokurorlug\u0306u v\u0259&hellip;<\/p>\n","protected":false},"author":2,"featured_media":257407,"comment_status":"closed","ping_status":"closed","sticky":false,"template":"","format":"standard","meta":{"_lmt_disableupdate":"","_lmt_disable":"","footnotes":""},"categories":[34,111],"tags":[],"class_list":["post-257406","post","type-post","status-publish","format-standard","has-post-thumbnail","hentry","category-butun-xeberler","category-manset"],"_links":{"self":[{"href":"https:\/\/ucnoqta.az\/index.php?rest_route=\/wp\/v2\/posts\/257406","targetHints":{"allow":["GET"]}}],"collection":[{"href":"https:\/\/ucnoqta.az\/index.php?rest_route=\/wp\/v2\/posts"}],"about":[{"href":"https:\/\/ucnoqta.az\/index.php?rest_route=\/wp\/v2\/types\/post"}],"author":[{"embeddable":true,"href":"https:\/\/ucnoqta.az\/index.php?rest_route=\/wp\/v2\/users\/2"}],"replies":[{"embeddable":true,"href":"https:\/\/ucnoqta.az\/index.php?rest_route=%2Fwp%2Fv2%2Fcomments&post=257406"}],"version-history":[{"count":0,"href":"https:\/\/ucnoqta.az\/index.php?rest_route=\/wp\/v2\/posts\/257406\/revisions"}],"wp:featuredmedia":[{"embeddable":true,"href":"https:\/\/ucnoqta.az\/index.php?rest_route=\/wp\/v2\/media\/257407"}],"wp:attachment":[{"href":"https:\/\/ucnoqta.az\/index.php?rest_route=%2Fwp%2Fv2%2Fmedia&parent=257406"}],"wp:term":[{"taxonomy":"category","embeddable":true,"href":"https:\/\/ucnoqta.az\/index.php?rest_route=%2Fwp%2Fv2%2Fcategories&post=257406"},{"taxonomy":"post_tag","embeddable":true,"href":"https:\/\/ucnoqta.az\/index.php?rest_route=%2Fwp%2Fv2%2Ftags&post=257406"}],"curies":[{"name":"wp","href":"https:\/\/api.w.org\/{rel}","templated":true}]}}