{"id":257400,"date":"2026-09-06T09:35:28","date_gmt":"2026-09-06T05:35:28","guid":{"rendered":"https:\/\/ucnoqta.az\/?p=257400"},"modified":"2026-09-06T09:35:28","modified_gmt":"2026-09-06T05:35:28","slug":"trampin-reytinqi-rekord-h%c9%99dd%c9%99-asagi-dusub","status":"publish","type":"post","link":"https:\/\/ucnoqta.az\/?p=257400","title":{"rendered":"Tramp\u0131n reytinqi rekord h\u0259dd\u0259 a\u015fa\u011f\u0131 d\u00fc\u015f\u00fcb"},"content":{"rendered":"<p data-start=\"47\" data-end=\"133\"><strong>AB\u015e Prezidenti Donald Tramp\u0131n f\u0259aliyy\u0259tin\u0259 ictimai d\u0259st\u0259k s\u0259viyy\u0259si rekord h\u0259dd\u0259 enib.<\/strong><\/p>\n<p data-start=\"135\" data-end=\"347\">Ucnoqta.az x\u0259b\u0259r verir ki, FT-nin sifari\u015fi il\u0259 Britaniyan\u0131n Focaldata \u015firk\u0259tinin ke\u00e7irdiyi sor\u011fuya \u0259sas\u0259n, amerikal\u0131 se\u00e7icil\u0259rin yaln\u0131z 33 faizi Tramp\u0131n A\u011f Ev r\u0259hb\u0259ri kimi f\u0259aliyy\u0259tini d\u0259st\u0259kl\u0259yir. Bu g\u00f6st\u0259rici \u00f6t\u0259n ay 35 faiz t\u0259\u015fkil edib.<\/p>\n<p data-start=\"349\" data-end=\"463\">Respublika\u00e7\u0131 se\u00e7icil\u0259r aras\u0131nda da Trampa d\u0259st\u0259k 72 faiz\u0259 d\u00fc\u015f\u00fcb ki, bu da FT sor\u011fular\u0131 \u00fczr\u0259 \u0259n a\u015fa\u011f\u0131 g\u00f6st\u0259ricidir.<\/p>\n<p data-start=\"465\" data-end=\"699\">Sor\u011fuda i\u015ftirak ed\u0259nl\u0259rin b\u00f6y\u00fck \u0259ks\u0259riyy\u0259ti AB\u015e administrasiyas\u0131n\u0131n ticar\u0259t siyas\u0259tini v\u0259 t\u0259tbiq etdiyi g\u00f6mr\u00fck tarifl\u0259rini m\u0259nfi qiym\u0259tl\u0259ndirib. Respondentl\u0259r tarifl\u0259rin \u00f6lk\u0259d\u0259 ya\u015fay\u0131\u015f x\u0259rcl\u0259rinin artmas\u0131na s\u0259b\u0259b oldu\u011funu bildiribl\u0259r.<\/p>\n<p data-start=\"701\" data-end=\"1110\">Se\u00e7icil\u0259rin \u00fc\u00e7d\u0259 ikisi AB\u015e iqtisadiyyat\u0131n\u0131n yanl\u0131\u015f istiqam\u0259td\u0259 getdiyini d\u00fc\u015f\u00fcn\u00fcr. Respondentl\u0259rin 57 faizi is\u0259 Tramp administrasiyas\u0131n\u0131n siyas\u0259tinin onlar\u0131n maliyy\u0259 v\u0259ziyy\u0259tin\u0259 m\u0259nfi t\u0259sir etdiyini deyib. Bundan \u0259lav\u0259, i\u015ftirak\u00e7\u0131lar\u0131n 56 faizi Kanadaya qar\u015f\u0131 t\u0259tbiq edil\u0259n son g\u00f6mr\u00fck tarifl\u0259rind\u0259n naraz\u0131 qal\u0131b v\u0259 bunun istehlak qiym\u0259tl\u0259rinin yenid\u0259n artmas\u0131na s\u0259b\u0259b ola bil\u0259c\u0259yind\u0259n narahat oldu\u011funu bildirib.<\/p>\n<p data-start=\"1112\" data-end=\"1440\" data-is-last-node=\"\" data-is-only-node=\"\">Sor\u011fuda Tramp\u0131n Respublika\u00e7\u0131lar Partiyas\u0131n\u0131n siyasi m\u00fctt\u0259fiqi kimi m\u00f6vqeyinin d\u0259 z\u0259ifl\u0259diyi \u00fcz\u0259 \u00e7\u0131x\u0131b. Respondentl\u0259rin 46 faizi onun qar\u015f\u0131dan g\u0259l\u0259n Konqres se\u00e7kil\u0259rind\u0259 Respublika\u00e7\u0131lar Partiyas\u0131n\u0131n m\u00f6vqeyini \u00e7\u0259tinl\u0259\u015fdirdiyini d\u00fc\u015f\u00fcn\u00fcr. Daha 47 faiz is\u0259 Tramp\u0131n a\u00e7\u0131q \u015f\u0259kild\u0259 d\u0259st\u0259kl\u0259diyi namiz\u0259d\u0259 s\u0259s verm\u0259k ist\u0259m\u0259diyini bildirib.<\/p>\n","protected":false},"excerpt":{"rendered":"<p>AB\u015e Prezidenti Donald Tramp\u0131n f\u0259aliyy\u0259tin\u0259 ictimai d\u0259st\u0259k s\u0259viyy\u0259si rekord h\u0259dd\u0259 enib. Ucnoqta.az x\u0259b\u0259r verir ki, FT-nin sifari\u015fi il\u0259 Britaniyan\u0131n Focaldata \u015firk\u0259tinin ke\u00e7irdiyi sor\u011fuya \u0259sas\u0259n, amerikal\u0131 se\u00e7icil\u0259rin yaln\u0131z 33 faizi Tramp\u0131n&hellip;<\/p>\n","protected":false},"author":2,"featured_media":254788,"comment_status":"closed","ping_status":"closed","sticky":false,"template":"","format":"standard","meta":{"_lmt_disableupdate":"","_lmt_disable":"","footnotes":""},"categories":[89],"tags":[],"class_list":["post-257400","post","type-post","status-publish","format-standard","has-post-thumbnail","hentry","category-dunya-butun-xeberler"],"_links":{"self":[{"href":"https:\/\/ucnoqta.az\/index.php?rest_route=\/wp\/v2\/posts\/257400","targetHints":{"allow":["GET"]}}],"collection":[{"href":"https:\/\/ucnoqta.az\/index.php?rest_route=\/wp\/v2\/posts"}],"about":[{"href":"https:\/\/ucnoqta.az\/index.php?rest_route=\/wp\/v2\/types\/post"}],"author":[{"embeddable":true,"href":"https:\/\/ucnoqta.az\/index.php?rest_route=\/wp\/v2\/users\/2"}],"replies":[{"embeddable":true,"href":"https:\/\/ucnoqta.az\/index.php?rest_route=%2Fwp%2Fv2%2Fcomments&post=257400"}],"version-history":[{"count":0,"href":"https:\/\/ucnoqta.az\/index.php?rest_route=\/wp\/v2\/posts\/257400\/revisions"}],"wp:featuredmedia":[{"embeddable":true,"href":"https:\/\/ucnoqta.az\/index.php?rest_route=\/wp\/v2\/media\/254788"}],"wp:attachment":[{"href":"https:\/\/ucnoqta.az\/index.php?rest_route=%2Fwp%2Fv2%2Fmedia&parent=257400"}],"wp:term":[{"taxonomy":"category","embeddable":true,"href":"https:\/\/ucnoqta.az\/index.php?rest_route=%2Fwp%2Fv2%2Fcategories&post=257400"},{"taxonomy":"post_tag","embeddable":true,"href":"https:\/\/ucnoqta.az\/index.php?rest_route=%2Fwp%2Fv2%2Ftags&post=257400"}],"curies":[{"name":"wp","href":"https:\/\/api.w.org\/{rel}","templated":true}]}}