{"id":257361,"date":"2026-09-04T21:56:04","date_gmt":"2026-09-04T17:56:04","guid":{"rendered":"https:\/\/ucnoqta.az\/?p=257361"},"modified":"2026-09-04T21:56:04","modified_gmt":"2026-09-04T17:56:04","slug":"meloni-ilham-eliyev%c9%99-t%c9%99s%c9%99kkur-etdi","status":"publish","type":"post","link":"https:\/\/ucnoqta.az\/?p=257361","title":{"rendered":"Meloni \u0130lham \u018fliyev\u0259 t\u0259\u015f\u0259kk\u00fcr etdi"},"content":{"rendered":"<p><strong>\u0130taliyan\u0131n Ba\u015f naziri Ciorcia Meloni Prezident \u0130lham \u018fliyev\u0259 t\u0259\u015f\u0259kk\u00fcr edib.<\/strong><\/p>\n<p>Ucnoqta.az x\u0259b\u0259r verir ki, \u0130taliya h\u00f6kum\u0259tinin r\u0259hb\u0259ri bu bar\u0259d\u0259 \u201cX\u201d sosial \u015f\u0259b\u0259k\u0259sind\u0259ki hesab\u0131nda payla\u015f\u0131m edib.<\/p>\n<p>Meloni Prezident \u0130lham \u018fliyev\u0259 m\u00fcraci\u0259t ed\u0259r\u0259k iki d\u00f6vl\u0259t aras\u0131ndak\u0131 strateji t\u0259r\u0259fda\u015fl\u0131\u011fa diqq\u0259t \u00e7\u0259kib:<\/p>\n<p>\u201c\u018fziz Prezident \u018fliyev, bu s\u00f6zl\u0259r\u0259 v\u0259 xalqlar\u0131m\u0131z\u0131 birl\u0259\u015fdir\u0259n s\u0259mimi dostlu\u011fa g\u00f6r\u0259 t\u0259\u015f\u0259kk\u00fcr edir\u0259m. \u0130taliya v\u0259 Az\u0259rbaycan ill\u0259r \u0259rzind\u0259 ortaq bax\u0131\u015f v\u0259 maraqlara s\u00f6yk\u0259n\u0259n m\u00f6hk\u0259m \u0259m\u0259kda\u015fl\u0131q qurublar. Strateji t\u0259r\u0259fda\u015fl\u0131\u011f\u0131m\u0131z\u0131 m\u00f6hk\u0259ml\u0259ndirm\u0259k \u00fc\u00e7\u00fcn birlikd\u0259 h\u0259yata ke\u00e7irdiyimiz i\u015fl\u0259rl\u0259 f\u0259xr edir\u0259m. \u018fmin\u0259m ki, xalqlar\u0131m\u0131z\u0131n m\u0259nafeyi namin\u0259 bizi qar\u015f\u0131da yeni m\u00fch\u00fcm \u0259m\u0259kda\u015fl\u0131q imkanlar\u0131 g\u00f6zl\u0259yir\u201d.<\/p>\n<p>Xat\u0131rladaq ki, bundan \u00f6nc\u0259 d\u00f6vl\u0259t ba\u015f\u00e7\u0131s\u0131 C. Meloniy\u0259 t\u0259brik \u00fcnvanlam\u0131\u015fd\u0131.<\/p>\n","protected":false},"excerpt":{"rendered":"<p>\u0130taliyan\u0131n Ba\u015f naziri Ciorcia Meloni Prezident \u0130lham \u018fliyev\u0259 t\u0259\u015f\u0259kk\u00fcr edib. Ucnoqta.az x\u0259b\u0259r verir ki, \u0130taliya h\u00f6kum\u0259tinin r\u0259hb\u0259ri bu bar\u0259d\u0259 \u201cX\u201d sosial \u015f\u0259b\u0259k\u0259sind\u0259ki hesab\u0131nda payla\u015f\u0131m edib. Meloni Prezident \u0130lham \u018fliyev\u0259 m\u00fcraci\u0259t&hellip;<\/p>\n","protected":false},"author":2,"featured_media":257362,"comment_status":"closed","ping_status":"closed","sticky":false,"template":"","format":"standard","meta":{"_lmt_disableupdate":"","_lmt_disable":"","footnotes":""},"categories":[34,111],"tags":[],"class_list":["post-257361","post","type-post","status-publish","format-standard","has-post-thumbnail","hentry","category-butun-xeberler","category-manset"],"_links":{"self":[{"href":"https:\/\/ucnoqta.az\/index.php?rest_route=\/wp\/v2\/posts\/257361","targetHints":{"allow":["GET"]}}],"collection":[{"href":"https:\/\/ucnoqta.az\/index.php?rest_route=\/wp\/v2\/posts"}],"about":[{"href":"https:\/\/ucnoqta.az\/index.php?rest_route=\/wp\/v2\/types\/post"}],"author":[{"embeddable":true,"href":"https:\/\/ucnoqta.az\/index.php?rest_route=\/wp\/v2\/users\/2"}],"replies":[{"embeddable":true,"href":"https:\/\/ucnoqta.az\/index.php?rest_route=%2Fwp%2Fv2%2Fcomments&post=257361"}],"version-history":[{"count":0,"href":"https:\/\/ucnoqta.az\/index.php?rest_route=\/wp\/v2\/posts\/257361\/revisions"}],"wp:featuredmedia":[{"embeddable":true,"href":"https:\/\/ucnoqta.az\/index.php?rest_route=\/wp\/v2\/media\/257362"}],"wp:attachment":[{"href":"https:\/\/ucnoqta.az\/index.php?rest_route=%2Fwp%2Fv2%2Fmedia&parent=257361"}],"wp:term":[{"taxonomy":"category","embeddable":true,"href":"https:\/\/ucnoqta.az\/index.php?rest_route=%2Fwp%2Fv2%2Fcategories&post=257361"},{"taxonomy":"post_tag","embeddable":true,"href":"https:\/\/ucnoqta.az\/index.php?rest_route=%2Fwp%2Fv2%2Ftags&post=257361"}],"curies":[{"name":"wp","href":"https:\/\/api.w.org\/{rel}","templated":true}]}}