{"id":257356,"date":"2026-09-04T19:51:05","date_gmt":"2026-09-04T15:51:05","guid":{"rendered":"https:\/\/ucnoqta.az\/?p=257356"},"modified":"2026-09-04T19:51:05","modified_gmt":"2026-09-04T15:51:05","slug":"iran-abs-dan-muharib%c9%99-x%c9%99rcl%c9%99rini-od%c9%99m%c9%99yi-v%c9%99-regionu-t%c9%99rk-etm%c9%99yi-t%c9%99l%c9%99b-edib","status":"publish","type":"post","link":"https:\/\/ucnoqta.az\/?p=257356","title":{"rendered":"\u0130ran AB\u015e-dan m\u00fcharib\u0259 x\u0259rcl\u0259rini \u00f6d\u0259m\u0259yi v\u0259 regionu t\u0259rk etm\u0259yi t\u0259l\u0259b edib"},"content":{"rendered":"<p class=\"isSelectedEnd\"><strong>AB\u015e hakimiyy\u0259ti Yax\u0131n \u015e\u0259rq \u00f6lk\u0259l\u0259rin\u0259 m\u00fcharib\u0259 n\u0259tic\u0259sind\u0259 vurdu\u011fu b\u00fct\u00fcn z\u0259r\u0259ri \u00f6d\u0259m\u0259li v\u0259 q\u00fcvv\u0259l\u0259rini regiondan \u00e7\u0131xarmal\u0131d\u0131r.<\/strong><\/p>\n<p class=\"isSelectedEnd\">Ucnoqta.az x\u0259b\u0259r verir ki, bunu \u0130ran ordusunun n\u00fcmay\u0259nd\u0259si M\u0259h\u0259mm\u0259d \u018fkr\u0259miniyy\u0259 deyib.<\/p>\n<p class=\"isSelectedEnd\">Onun s\u00f6zl\u0259rin\u0259 g\u00f6r\u0259, Va\u015finqton \u00fc\u00e7\u00fcn \u0259n d\u00fczg\u00fcn q\u0259rar yaranm\u0131\u015f reall\u0131qlar\u0131 q\u0259bul etm\u0259k, d\u0259ymi\u015f z\u0259r\u0259ri kompensasiya etm\u0259k v\u0259 regionu t\u0259rk etm\u0259kdir.<\/p>\n<p class=\"isSelectedEnd\">\u201cBu, regionda t\u0259hl\u00fck\u0259sizliyi t\u0259min ed\u0259c\u0259k v\u0259 Amerika xalq\u0131n\u0131n rifah\u0131na yax\u0131nla\u015fmas\u0131na imkan ver\u0259c\u0259k\u201d, &#8211; dey\u0259 \u018fkr\u0259miniyy\u0259 X sosial \u015f\u0259b\u0259k\u0259sind\u0259 yaz\u0131b.<\/p>\n<p>\u0130ranl\u0131 h\u0259rb\u00e7i \u0259lav\u0259 edib ki, AB\u015e ordusunun regionda \u00fczl\u0259\u015fdiyi b\u00fct\u00fcn probleml\u0259r v\u0259 amerikal\u0131lar\u0131n qar\u015f\u0131la\u015fd\u0131\u011f\u0131 \u00e7\u0259tinlikl\u0259r Va\u015finqtonun s\u0259hvl\u0259rind\u0259n qaynaqlan\u0131r. O, AB\u015e-\u0131 \u0130rana qar\u015f\u0131 t\u0259cav\u00fcz\u0259 ba\u015flamaqda ittiham edib.<\/p>\n","protected":false},"excerpt":{"rendered":"<p>AB\u015e hakimiyy\u0259ti Yax\u0131n \u015e\u0259rq \u00f6lk\u0259l\u0259rin\u0259 m\u00fcharib\u0259 n\u0259tic\u0259sind\u0259 vurdu\u011fu b\u00fct\u00fcn z\u0259r\u0259ri \u00f6d\u0259m\u0259li v\u0259 q\u00fcvv\u0259l\u0259rini regiondan \u00e7\u0131xarmal\u0131d\u0131r. Ucnoqta.az x\u0259b\u0259r verir ki, bunu \u0130ran ordusunun n\u00fcmay\u0259nd\u0259si M\u0259h\u0259mm\u0259d \u018fkr\u0259miniyy\u0259 deyib. Onun s\u00f6zl\u0259rin\u0259 g\u00f6r\u0259, Va\u015finqton&hellip;<\/p>\n","protected":false},"author":2,"featured_media":257357,"comment_status":"closed","ping_status":"closed","sticky":false,"template":"","format":"standard","meta":{"_lmt_disableupdate":"","_lmt_disable":"","footnotes":""},"categories":[89],"tags":[],"class_list":["post-257356","post","type-post","status-publish","format-standard","has-post-thumbnail","hentry","category-dunya-butun-xeberler"],"_links":{"self":[{"href":"https:\/\/ucnoqta.az\/index.php?rest_route=\/wp\/v2\/posts\/257356","targetHints":{"allow":["GET"]}}],"collection":[{"href":"https:\/\/ucnoqta.az\/index.php?rest_route=\/wp\/v2\/posts"}],"about":[{"href":"https:\/\/ucnoqta.az\/index.php?rest_route=\/wp\/v2\/types\/post"}],"author":[{"embeddable":true,"href":"https:\/\/ucnoqta.az\/index.php?rest_route=\/wp\/v2\/users\/2"}],"replies":[{"embeddable":true,"href":"https:\/\/ucnoqta.az\/index.php?rest_route=%2Fwp%2Fv2%2Fcomments&post=257356"}],"version-history":[{"count":0,"href":"https:\/\/ucnoqta.az\/index.php?rest_route=\/wp\/v2\/posts\/257356\/revisions"}],"wp:featuredmedia":[{"embeddable":true,"href":"https:\/\/ucnoqta.az\/index.php?rest_route=\/wp\/v2\/media\/257357"}],"wp:attachment":[{"href":"https:\/\/ucnoqta.az\/index.php?rest_route=%2Fwp%2Fv2%2Fmedia&parent=257356"}],"wp:term":[{"taxonomy":"category","embeddable":true,"href":"https:\/\/ucnoqta.az\/index.php?rest_route=%2Fwp%2Fv2%2Fcategories&post=257356"},{"taxonomy":"post_tag","embeddable":true,"href":"https:\/\/ucnoqta.az\/index.php?rest_route=%2Fwp%2Fv2%2Ftags&post=257356"}],"curies":[{"name":"wp","href":"https:\/\/api.w.org\/{rel}","templated":true}]}}