{"id":257342,"date":"2026-09-04T16:28:59","date_gmt":"2026-09-04T12:28:59","guid":{"rendered":"https:\/\/ucnoqta.az\/?p=257342"},"modified":"2026-09-04T16:28:59","modified_gmt":"2026-09-04T12:28:59","slug":"ukraynanin-2027-ci-il-ucun-326-milyard-dollarliq-maliyy%c9%99-acigi-var","status":"publish","type":"post","link":"https:\/\/ucnoqta.az\/?p=257342","title":{"rendered":"Ukraynan\u0131n 2027-ci il \u00fc\u00e7\u00fcn 32,6 milyard dollarl\u0131q maliyy\u0259 a\u00e7\u0131\u011f\u0131 var"},"content":{"rendered":"<p data-start=\"73\" data-end=\"270\"><strong>Ukraynan\u0131n 2027-ci ild\u0259 xarici maliyy\u0259 yard\u0131m\u0131na ehtiyac\u0131 t\u0259xmin\u0259n 50 milyard dollar t\u0259\u015fkil ed\u0259c\u0259k. Bu v\u0259saitin 32,6 milyard dollar\u0131 is\u0259 h\u0259l\u0259 t\u0259r\u0259fda\u015f \u00f6lk\u0259l\u0259rin konkret v\u0259dl\u0259ri il\u0259 t\u0259min olunmay\u0131b.<\/strong><\/p>\n<p data-start=\"272\" data-end=\"388\">Ucnoqta.az x\u0259b\u0259r verir ki, bunu Ukraynan\u0131n maliyy\u0259 naziri Sergey Mar\u00e7enko Euronews telekanal\u0131na m\u00fcsahib\u0259sind\u0259 deyib.<\/p>\n<p data-start=\"390\" data-end=\"540\">Nazirin s\u00f6zl\u0259rin\u0259 g\u00f6r\u0259, 2027-ci il \u00fczr\u0259 maliyy\u0259 ehtiyaclar\u0131n\u0131n haz\u0131rda yaln\u0131z bir hiss\u0259si t\u0259min olunub v\u0259 qar\u015f\u0131lanmam\u0131\u015f m\u0259bl\u0259\u011f kifay\u0259t q\u0259d\u0259r b\u00f6y\u00fckd\u00fcr.<\/p>\n","protected":false},"excerpt":{"rendered":"<p>Ukraynan\u0131n 2027-ci ild\u0259 xarici maliyy\u0259 yard\u0131m\u0131na ehtiyac\u0131 t\u0259xmin\u0259n 50 milyard dollar t\u0259\u015fkil ed\u0259c\u0259k. Bu v\u0259saitin 32,6 milyard dollar\u0131 is\u0259 h\u0259l\u0259 t\u0259r\u0259fda\u015f \u00f6lk\u0259l\u0259rin konkret v\u0259dl\u0259ri il\u0259 t\u0259min olunmay\u0131b. Ucnoqta.az x\u0259b\u0259r verir&hellip;<\/p>\n","protected":false},"author":2,"featured_media":257343,"comment_status":"closed","ping_status":"closed","sticky":false,"template":"","format":"standard","meta":{"_lmt_disableupdate":"","_lmt_disable":"","footnotes":""},"categories":[89],"tags":[],"class_list":["post-257342","post","type-post","status-publish","format-standard","has-post-thumbnail","hentry","category-dunya-butun-xeberler"],"_links":{"self":[{"href":"https:\/\/ucnoqta.az\/index.php?rest_route=\/wp\/v2\/posts\/257342","targetHints":{"allow":["GET"]}}],"collection":[{"href":"https:\/\/ucnoqta.az\/index.php?rest_route=\/wp\/v2\/posts"}],"about":[{"href":"https:\/\/ucnoqta.az\/index.php?rest_route=\/wp\/v2\/types\/post"}],"author":[{"embeddable":true,"href":"https:\/\/ucnoqta.az\/index.php?rest_route=\/wp\/v2\/users\/2"}],"replies":[{"embeddable":true,"href":"https:\/\/ucnoqta.az\/index.php?rest_route=%2Fwp%2Fv2%2Fcomments&post=257342"}],"version-history":[{"count":0,"href":"https:\/\/ucnoqta.az\/index.php?rest_route=\/wp\/v2\/posts\/257342\/revisions"}],"wp:featuredmedia":[{"embeddable":true,"href":"https:\/\/ucnoqta.az\/index.php?rest_route=\/wp\/v2\/media\/257343"}],"wp:attachment":[{"href":"https:\/\/ucnoqta.az\/index.php?rest_route=%2Fwp%2Fv2%2Fmedia&parent=257342"}],"wp:term":[{"taxonomy":"category","embeddable":true,"href":"https:\/\/ucnoqta.az\/index.php?rest_route=%2Fwp%2Fv2%2Fcategories&post=257342"},{"taxonomy":"post_tag","embeddable":true,"href":"https:\/\/ucnoqta.az\/index.php?rest_route=%2Fwp%2Fv2%2Ftags&post=257342"}],"curies":[{"name":"wp","href":"https:\/\/api.w.org\/{rel}","templated":true}]}}