{"id":257331,"date":"2026-09-04T16:05:02","date_gmt":"2026-09-04T12:05:02","guid":{"rendered":"https:\/\/ucnoqta.az\/?p=257331"},"modified":"2026-09-04T16:05:02","modified_gmt":"2026-09-04T12:05:02","slug":"ceyhun-bayramov-qazaxistanin-xarici-isl%c9%99r-naziri-il%c9%99-danisib","status":"publish","type":"post","link":"https:\/\/ucnoqta.az\/?p=257331","title":{"rendered":"Ceyhun Bayramov Qazax\u0131stan\u0131n xarici i\u015fl\u0259r naziri il\u0259 dan\u0131\u015f\u0131b"},"content":{"rendered":"<p><strong>4 sentyabr tarixind\u0259 Az\u0259rbaycan Respublikas\u0131n\u0131n xarici i\u015fl\u0259r naziri Ceyhun Bayramov il\u0259 Qazax\u0131stan Respublikas\u0131n\u0131n yeni t\u0259yin olunmu\u015f xarici i\u015fl\u0259r naziri Muxtar Tleuberdi aras\u0131nda telefon dan\u0131\u015f\u0131\u011f\u0131 ba\u015f tutub.<\/strong><\/p>\n<p>X\u0130N-d\u0259n veril\u0259n x\u0259b\u0259r\u0259 g\u00f6r\u0259, telefon dan\u0131\u015f\u0131\u011f\u0131 zaman\u0131 nazir Ceyhun Bayramov Muxtar Tleuberdini xarici i\u015fl\u0259r naziri t\u0259yin olunmas\u0131 m\u00fcnasib\u0259til\u0259 s\u0259mimi q\u0259lbd\u0259n t\u0259brik edib, ona u\u011furlar arzulay\u0131b.<\/p>\n<p>Nazirl\u0259r aras\u0131nda Az\u0259rbaycan il\u0259 Qazax\u0131stan aras\u0131nda strateji m\u00fcnasib\u0259tl\u0259rin cari g\u00fcnd\u0259liyi, ikit\u0259r\u0259fli v\u0259 \u00e7oxt\u0259r\u0259fli \u0259m\u0259kda\u015fl\u0131\u011f\u0131n m\u00f6vcud v\u0259ziyy\u0259ti, habel\u0259 qar\u015f\u0131l\u0131ql\u0131 maraq do\u011furan istiqam\u0259tl\u0259r \u00fczr\u0259 \u0259m\u0259kda\u015fl\u0131\u011f\u0131n inki\u015faf perspektivl\u0259ri m\u00fczakir\u0259 edilib.<\/p>\n<p>Nazir Ceyhun Bayramov Az\u0259rbaycan-Qazax\u0131stan m\u00fcnasib\u0259tl\u0259rinin dostluq, qarda\u015fl\u0131q, qar\u015f\u0131l\u0131ql\u0131 etimad v\u0259 h\u0259mr\u0259ylik prinsipl\u0259ri \u0259sas\u0131nda dinamik \u015f\u0259kild\u0259 inki\u015faf etdiyini m\u0259mnunluqla qeyd edib. \u0130kit\u0259r\u0259fli \u0259laq\u0259l\u0259rin b\u00fct\u00fcn sah\u0259l\u0259rd\u0259 daha da geni\u015fl\u0259ndirilm\u0259si v\u0259 yeni m\u0259zmunla z\u0259nginl\u0259\u015fdirilm\u0259sinin \u0259h\u0259miyy\u0259ti vur\u011fulan\u0131b.<\/p>\n<p>S\u00f6hb\u0259t zaman\u0131, h\u0259m\u00e7inin beyn\u0259lxalq v\u0259 regional t\u0259\u015fkilatlar \u00e7\u0259r\u00e7iv\u0259sind\u0259 iki \u00f6lk\u0259 aras\u0131nda s\u0259m\u0259r\u0259li \u0259m\u0259kda\u015fl\u0131q v\u0259 qar\u015f\u0131l\u0131ql\u0131 d\u0259st\u0259k y\u00fcks\u0259k qiym\u0259tl\u0259ndirilib. \u00c7oxt\u0259r\u0259fli platformalarda qar\u015f\u0131l\u0131ql\u0131 f\u0259aliyy\u0259tin v\u0259 m\u00f6vqel\u0259rin \u0259laq\u0259l\u0259ndirilm\u0259sinin bundan sonra da davam etdirilm\u0259sinin vacibliyi qeyd olunub.<\/p>\n<p>Telefon dan\u0131\u015f\u0131\u011f\u0131 zaman\u0131, eyni zamanda, qar\u015f\u0131l\u0131ql\u0131 maraq do\u011furan dig\u0259r regional v\u0259 beyn\u0259lxalq m\u0259s\u0259l\u0259l\u0259r \u0259traf\u0131nda geni\u015f fikir m\u00fcbadil\u0259si apar\u0131l\u0131b.<\/p>\n","protected":false},"excerpt":{"rendered":"<p>4 sentyabr tarixind\u0259 Az\u0259rbaycan Respublikas\u0131n\u0131n xarici i\u015fl\u0259r naziri Ceyhun Bayramov il\u0259 Qazax\u0131stan Respublikas\u0131n\u0131n yeni t\u0259yin olunmu\u015f xarici i\u015fl\u0259r naziri Muxtar Tleuberdi aras\u0131nda telefon dan\u0131\u015f\u0131\u011f\u0131 ba\u015f tutub. X\u0130N-d\u0259n veril\u0259n x\u0259b\u0259r\u0259 g\u00f6r\u0259,&hellip;<\/p>\n","protected":false},"author":2,"featured_media":248840,"comment_status":"closed","ping_status":"closed","sticky":false,"template":"","format":"standard","meta":{"_lmt_disableupdate":"","_lmt_disable":"","footnotes":""},"categories":[86],"tags":[],"class_list":["post-257331","post","type-post","status-publish","format-standard","has-post-thumbnail","hentry","category-siyaset"],"_links":{"self":[{"href":"https:\/\/ucnoqta.az\/index.php?rest_route=\/wp\/v2\/posts\/257331","targetHints":{"allow":["GET"]}}],"collection":[{"href":"https:\/\/ucnoqta.az\/index.php?rest_route=\/wp\/v2\/posts"}],"about":[{"href":"https:\/\/ucnoqta.az\/index.php?rest_route=\/wp\/v2\/types\/post"}],"author":[{"embeddable":true,"href":"https:\/\/ucnoqta.az\/index.php?rest_route=\/wp\/v2\/users\/2"}],"replies":[{"embeddable":true,"href":"https:\/\/ucnoqta.az\/index.php?rest_route=%2Fwp%2Fv2%2Fcomments&post=257331"}],"version-history":[{"count":0,"href":"https:\/\/ucnoqta.az\/index.php?rest_route=\/wp\/v2\/posts\/257331\/revisions"}],"wp:featuredmedia":[{"embeddable":true,"href":"https:\/\/ucnoqta.az\/index.php?rest_route=\/wp\/v2\/media\/248840"}],"wp:attachment":[{"href":"https:\/\/ucnoqta.az\/index.php?rest_route=%2Fwp%2Fv2%2Fmedia&parent=257331"}],"wp:term":[{"taxonomy":"category","embeddable":true,"href":"https:\/\/ucnoqta.az\/index.php?rest_route=%2Fwp%2Fv2%2Fcategories&post=257331"},{"taxonomy":"post_tag","embeddable":true,"href":"https:\/\/ucnoqta.az\/index.php?rest_route=%2Fwp%2Fv2%2Ftags&post=257331"}],"curies":[{"name":"wp","href":"https:\/\/api.w.org\/{rel}","templated":true}]}}