{"id":257316,"date":"2026-09-04T15:17:58","date_gmt":"2026-09-04T11:17:58","guid":{"rendered":"https:\/\/ucnoqta.az\/?p=257316"},"modified":"2026-09-04T15:17:58","modified_gmt":"2026-09-04T11:17:58","slug":"prezident-ilham-eliyevd%c9%99n-yeni-teyinatlar","status":"publish","type":"post","link":"https:\/\/ucnoqta.az\/?p=257316","title":{"rendered":"Prezident \u0130lham \u018fliyevd\u0259n yeni <span style=\"color:red;\">T\u018fY\u0130NATLAR <\/span>"},"content":{"rendered":"<p><strong>Vaqif \u0130smay\u0131l o\u011flu Sad\u0131qov Az\u0259rbaycan Respublikas\u0131n\u0131n \u0130sve\u00e7r\u0259 Konfederasiyas\u0131nda f\u00f6vq\u0259lad\u0259 v\u0259 s\u0259lahiyy\u0259tli s\u0259firi t\u0259yin edilib.<\/strong><\/p>\n<p>Ucnoqta.az x\u0259b\u0259r verir ki, bununla ba\u011fl\u0131 Prezident \u0130lham \u018fliyev S\u0259r\u0259ncam imzalay\u0131b.<\/p>\n<p>Bu bar\u0259d\u0259 m\u0259lumat Az\u0259rbaycan Prezidentinin r\u0259smi internet sayt\u0131nda d\u0259rc edilib.<\/p>\n<p>Prezident \u0130lham \u018fliyevin dig\u0259r S\u0259r\u0259ncam\u0131 il\u0259 Anar Keykavus o\u011flu \u018fc\u0259mov Az\u0259rbaycan Respublikas\u0131n\u0131n Niderland Krall\u0131\u011f\u0131nda f\u00f6vq\u0259lad\u0259 v\u0259 s\u0259lahiyy\u0259tli s\u0259firi t\u0259yin edilib.<\/p>\n","protected":false},"excerpt":{"rendered":"<p>Vaqif \u0130smay\u0131l o\u011flu Sad\u0131qov Az\u0259rbaycan Respublikas\u0131n\u0131n \u0130sve\u00e7r\u0259 Konfederasiyas\u0131nda f\u00f6vq\u0259lad\u0259 v\u0259 s\u0259lahiyy\u0259tli s\u0259firi t\u0259yin edilib. Ucnoqta.az x\u0259b\u0259r verir ki, bununla ba\u011fl\u0131 Prezident \u0130lham \u018fliyev S\u0259r\u0259ncam imzalay\u0131b. Bu bar\u0259d\u0259 m\u0259lumat Az\u0259rbaycan Prezidentinin&hellip;<\/p>\n","protected":false},"author":2,"featured_media":250802,"comment_status":"closed","ping_status":"closed","sticky":false,"template":"","format":"standard","meta":{"_lmt_disableupdate":"","_lmt_disable":"","footnotes":""},"categories":[34,111],"tags":[],"class_list":["post-257316","post","type-post","status-publish","format-standard","has-post-thumbnail","hentry","category-butun-xeberler","category-manset"],"_links":{"self":[{"href":"https:\/\/ucnoqta.az\/index.php?rest_route=\/wp\/v2\/posts\/257316","targetHints":{"allow":["GET"]}}],"collection":[{"href":"https:\/\/ucnoqta.az\/index.php?rest_route=\/wp\/v2\/posts"}],"about":[{"href":"https:\/\/ucnoqta.az\/index.php?rest_route=\/wp\/v2\/types\/post"}],"author":[{"embeddable":true,"href":"https:\/\/ucnoqta.az\/index.php?rest_route=\/wp\/v2\/users\/2"}],"replies":[{"embeddable":true,"href":"https:\/\/ucnoqta.az\/index.php?rest_route=%2Fwp%2Fv2%2Fcomments&post=257316"}],"version-history":[{"count":0,"href":"https:\/\/ucnoqta.az\/index.php?rest_route=\/wp\/v2\/posts\/257316\/revisions"}],"wp:featuredmedia":[{"embeddable":true,"href":"https:\/\/ucnoqta.az\/index.php?rest_route=\/wp\/v2\/media\/250802"}],"wp:attachment":[{"href":"https:\/\/ucnoqta.az\/index.php?rest_route=%2Fwp%2Fv2%2Fmedia&parent=257316"}],"wp:term":[{"taxonomy":"category","embeddable":true,"href":"https:\/\/ucnoqta.az\/index.php?rest_route=%2Fwp%2Fv2%2Fcategories&post=257316"},{"taxonomy":"post_tag","embeddable":true,"href":"https:\/\/ucnoqta.az\/index.php?rest_route=%2Fwp%2Fv2%2Ftags&post=257316"}],"curies":[{"name":"wp","href":"https:\/\/api.w.org\/{rel}","templated":true}]}}