{"id":257304,"date":"2026-09-04T14:04:54","date_gmt":"2026-09-04T10:04:54","guid":{"rendered":"https:\/\/ucnoqta.az\/?p=257304"},"modified":"2026-09-04T14:04:54","modified_gmt":"2026-09-04T10:04:54","slug":"israil-%c9%99sirliyind%c9%99n-4-livanli-azad-edildi","status":"publish","type":"post","link":"https:\/\/ucnoqta.az\/?p=257304","title":{"rendered":"\u0130srail \u0259sirliyind\u0259n 4 livanl\u0131 azad edildi"},"content":{"rendered":"<p><strong>Beyn\u0259lxalq Q\u0131z\u0131l Xa\u00e7 Komit\u0259si (BQXK) \u0130sraill\u0259 son m\u00fcnaqi\u015f\u0259 zaman\u0131 \u0259sir g\u00f6t\u00fcr\u00fcl\u0259n 4 Livan v\u0259t\u0259nda\u015f\u0131n\u0131 Livan ordusuna t\u0259hvil verib.<\/strong><\/p>\n<p>Ucnoqta.az x\u0259b\u0259r verir ki, bu bar\u0259d\u0259 BQXK-n\u0131n Beyrutdak\u0131 n\u00fcmay\u0259nd\u0259liyi m\u0259lumat yay\u0131b.<\/p>\n<p>Komit\u0259 bildirib ki, \u0259m\u0259liyyat yaln\u0131z humanitar xarakter da\u015f\u0131y\u0131b v\u0259 t\u0259\u015fkilat \u0130srail il\u0259 Livan aras\u0131nda neytral vasit\u0259\u00e7i kimi \u00e7\u0131x\u0131\u015f edib.<\/p>\n<p>Qeyd ed\u0259k ki, c\u00fcm\u0259 ax\u015fam\u0131 daha bir livanl\u0131 Q\u0131z\u0131l Xa\u00e7\u0131n vasit\u0259\u00e7iliyi il\u0259 \u0130srail \u0259sirliyind\u0259n azad edil\u0259r\u0259k \u00f6lk\u0259sin\u0259 qaytar\u0131l\u0131b. Bel\u0259likl\u0259, son g\u00fcnl\u0259rd\u0259 \u00fcmumilikd\u0259 5 livanl\u0131 azad olunub.<\/p>\n","protected":false},"excerpt":{"rendered":"<p>Beyn\u0259lxalq Q\u0131z\u0131l Xa\u00e7 Komit\u0259si (BQXK) \u0130sraill\u0259 son m\u00fcnaqi\u015f\u0259 zaman\u0131 \u0259sir g\u00f6t\u00fcr\u00fcl\u0259n 4 Livan v\u0259t\u0259nda\u015f\u0131n\u0131 Livan ordusuna t\u0259hvil verib. Ucnoqta.az x\u0259b\u0259r verir ki, bu bar\u0259d\u0259 BQXK-n\u0131n Beyrutdak\u0131 n\u00fcmay\u0259nd\u0259liyi m\u0259lumat yay\u0131b. Komit\u0259&hellip;<\/p>\n","protected":false},"author":2,"featured_media":257305,"comment_status":"closed","ping_status":"closed","sticky":false,"template":"","format":"standard","meta":{"_lmt_disableupdate":"","_lmt_disable":"","footnotes":""},"categories":[89],"tags":[],"class_list":["post-257304","post","type-post","status-publish","format-standard","has-post-thumbnail","hentry","category-dunya-butun-xeberler"],"_links":{"self":[{"href":"https:\/\/ucnoqta.az\/index.php?rest_route=\/wp\/v2\/posts\/257304","targetHints":{"allow":["GET"]}}],"collection":[{"href":"https:\/\/ucnoqta.az\/index.php?rest_route=\/wp\/v2\/posts"}],"about":[{"href":"https:\/\/ucnoqta.az\/index.php?rest_route=\/wp\/v2\/types\/post"}],"author":[{"embeddable":true,"href":"https:\/\/ucnoqta.az\/index.php?rest_route=\/wp\/v2\/users\/2"}],"replies":[{"embeddable":true,"href":"https:\/\/ucnoqta.az\/index.php?rest_route=%2Fwp%2Fv2%2Fcomments&post=257304"}],"version-history":[{"count":0,"href":"https:\/\/ucnoqta.az\/index.php?rest_route=\/wp\/v2\/posts\/257304\/revisions"}],"wp:featuredmedia":[{"embeddable":true,"href":"https:\/\/ucnoqta.az\/index.php?rest_route=\/wp\/v2\/media\/257305"}],"wp:attachment":[{"href":"https:\/\/ucnoqta.az\/index.php?rest_route=%2Fwp%2Fv2%2Fmedia&parent=257304"}],"wp:term":[{"taxonomy":"category","embeddable":true,"href":"https:\/\/ucnoqta.az\/index.php?rest_route=%2Fwp%2Fv2%2Fcategories&post=257304"},{"taxonomy":"post_tag","embeddable":true,"href":"https:\/\/ucnoqta.az\/index.php?rest_route=%2Fwp%2Fv2%2Ftags&post=257304"}],"curies":[{"name":"wp","href":"https:\/\/api.w.org\/{rel}","templated":true}]}}