{"id":257299,"date":"2026-09-04T13:41:29","date_gmt":"2026-09-04T09:41:29","guid":{"rendered":"https:\/\/ucnoqta.az\/?p=257299"},"modified":"2026-09-04T13:41:29","modified_gmt":"2026-09-04T09:41:29","slug":"dilq%c9%99m-esg%c9%99rov-oglundan-imtina-etdi","status":"publish","type":"post","link":"https:\/\/ucnoqta.az\/?p=257299","title":{"rendered":"Dilq\u0259m \u018fsg\u0259rov o\u011flundan imtina etdi"},"content":{"rendered":"<p><strong>Ke\u00e7mi\u015f girov Dilq\u0259m \u018fsg\u0259rov o\u011flundan imtina \u00fc\u00e7\u00fcn m\u0259hk\u0259m\u0259y\u0259 m\u00fcraci\u0259t edib.<\/strong><\/p>\n<p>Ucnoqta.az x\u0259b\u0259r verir ki, Dilq\u0259m \u018fsg\u0259rov bu bar\u0259d\u0259 \u201cProtest\u201d TV-y\u0259 a\u00e7\u0131qlamas\u0131nda bildirib.<\/p>\n<p>O deyib ki, b\u00f6y\u00fck o\u011flu K\u00fcrdo\u011flu \u018fsg\u0259rovla ba\u011fl\u0131 \u0259riz\u0259sini bu g\u00fcn \u015e\u0259mkir rayon M\u0259hk\u0259m\u0259sin\u0259 t\u0259qdim edib. \u018friz\u0259 b\u00fct\u00fcn ail\u0259nin ad\u0131ndan verilib.<\/p>\n<p>Bac\u0131lar\u0131, dig\u0259r qarda\u015f\u0131 da \u0259riz\u0259y\u0259 qol \u00e7\u0259k\u0259r\u0259k K\u00fcrdo\u011flu \u018fsg\u0259rovdan imtina etdikl\u0259rini t\u0259sdiql\u0259yibl\u0259r.<\/p>\n<p>Dilq\u0259m \u018fsg\u0259rov bildirib ki, o, girovluqda oldu\u011fu zaman K\u00fcrd\u00fco\u011flu \u018fsg\u0259rov ail\u0259y\u0259 ciddi maddi ziyan vurub, onun avtomobilini sat\u0131b, indi d\u0259 dig\u0259r \u0259mlaklar\u0131 \u0259l\u0259 ke\u00e7irm\u0259k ist\u0259yir.<\/p>\n<p>Dilq\u0259m \u018fsg\u0259rovun s\u00f6zl\u0259rin\u0259 g\u00f6r\u0259, K\u00fcrdo\u011flu \u018fsg\u0259rov son vaxtlar onun bar\u0259sind\u0259 sosial \u015f\u0259b\u0259k\u0259l\u0259rd\u0259 \u0259sass\u0131z ittihamlar yaymaqla m\u0259\u015f\u011fuldur. O, o\u011flunu \u201cnax\u0259l\u0259f \u00f6vlad\u201d adland\u0131r\u0131b.<\/p>\n","protected":false},"excerpt":{"rendered":"<p>Ke\u00e7mi\u015f girov Dilq\u0259m \u018fsg\u0259rov o\u011flundan imtina \u00fc\u00e7\u00fcn m\u0259hk\u0259m\u0259y\u0259 m\u00fcraci\u0259t edib. Ucnoqta.az x\u0259b\u0259r verir ki, Dilq\u0259m \u018fsg\u0259rov bu bar\u0259d\u0259 \u201cProtest\u201d TV-y\u0259 a\u00e7\u0131qlamas\u0131nda bildirib. O deyib ki, b\u00f6y\u00fck o\u011flu K\u00fcrdo\u011flu \u018fsg\u0259rovla ba\u011fl\u0131&hellip;<\/p>\n","protected":false},"author":2,"featured_media":257300,"comment_status":"closed","ping_status":"closed","sticky":false,"template":"","format":"standard","meta":{"_lmt_disableupdate":"","_lmt_disable":"","footnotes":""},"categories":[101],"tags":[],"class_list":["post-257299","post","type-post","status-publish","format-standard","has-post-thumbnail","hentry","category-cemiyyet"],"_links":{"self":[{"href":"https:\/\/ucnoqta.az\/index.php?rest_route=\/wp\/v2\/posts\/257299","targetHints":{"allow":["GET"]}}],"collection":[{"href":"https:\/\/ucnoqta.az\/index.php?rest_route=\/wp\/v2\/posts"}],"about":[{"href":"https:\/\/ucnoqta.az\/index.php?rest_route=\/wp\/v2\/types\/post"}],"author":[{"embeddable":true,"href":"https:\/\/ucnoqta.az\/index.php?rest_route=\/wp\/v2\/users\/2"}],"replies":[{"embeddable":true,"href":"https:\/\/ucnoqta.az\/index.php?rest_route=%2Fwp%2Fv2%2Fcomments&post=257299"}],"version-history":[{"count":0,"href":"https:\/\/ucnoqta.az\/index.php?rest_route=\/wp\/v2\/posts\/257299\/revisions"}],"wp:featuredmedia":[{"embeddable":true,"href":"https:\/\/ucnoqta.az\/index.php?rest_route=\/wp\/v2\/media\/257300"}],"wp:attachment":[{"href":"https:\/\/ucnoqta.az\/index.php?rest_route=%2Fwp%2Fv2%2Fmedia&parent=257299"}],"wp:term":[{"taxonomy":"category","embeddable":true,"href":"https:\/\/ucnoqta.az\/index.php?rest_route=%2Fwp%2Fv2%2Fcategories&post=257299"},{"taxonomy":"post_tag","embeddable":true,"href":"https:\/\/ucnoqta.az\/index.php?rest_route=%2Fwp%2Fv2%2Ftags&post=257299"}],"curies":[{"name":"wp","href":"https:\/\/api.w.org\/{rel}","templated":true}]}}