{"id":257266,"date":"2026-09-04T12:16:34","date_gmt":"2026-09-04T08:16:34","guid":{"rendered":"https:\/\/ucnoqta.az\/?p=257266"},"modified":"2026-09-04T12:16:34","modified_gmt":"2026-09-04T08:16:34","slug":"cexiyada-t%c9%99hluk%c9%99sizlik-t%c9%99dbirl%c9%99ri-gucl%c9%99ndirilir","status":"publish","type":"post","link":"https:\/\/ucnoqta.az\/?p=257266","title":{"rendered":"\u00c7exiyada t\u0259hl\u00fck\u0259sizlik t\u0259dbirl\u0259ri g\u00fccl\u0259ndirilir"},"content":{"rendered":"<p class=\"isSelectedEnd\"><strong>\u00c7exiya hakimiyy\u0259ti qon\u015fu \u00f6lk\u0259l\u0259rd\u0259, o c\u00fcml\u0259d\u0259n Almaniyada ba\u015f ver\u0259n insidentl\u0259r fonunda t\u0259hl\u00fck\u0259sizlik t\u0259dbirl\u0259rini g\u00fccl\u0259ndirm\u0259k q\u0259rar\u0131na g\u0259lib.<\/strong><\/p>\n<p class=\"isSelectedEnd\">Ucnoqta.az x\u0259b\u0259r verir ki, bu bar\u0259d\u0259 TK agentliyi \u00c7exiyan\u0131n daxili i\u015fl\u0259r naziri Lubomir Metnara istinad\u0259n m\u0259lumat yay\u0131b.<\/p>\n<p class=\"isSelectedEnd\">Nazir bildirib ki, v\u0259ziyy\u0259t\u0259 uy\u011fun olaraq bir s\u0131ra \u201ckonkret t\u0259dbirl\u0259r\u201d g\u00f6r\u00fcl\u00fcr. Lakin t\u0259hl\u00fck\u0259sizlik s\u0259b\u0259bind\u0259n bu t\u0259dbirl\u0259rin detallar\u0131 a\u00e7\u0131qlanm\u0131r.<\/p>\n<p>\u00c7exiya Daxili \u0130\u015fl\u0259r Nazirliyi \u00f6lk\u0259d\u0259 t\u0259hl\u00fck\u0259sizlik v\u0259ziyy\u0259tini sabit qiym\u0259tl\u0259ndirir. Bununla yana\u015f\u0131, Pravo q\u0259zetinin m\u0259lumat\u0131na g\u00f6r\u0259, \u00f6lk\u0259nin hava limanlar\u0131 v\u0259 d\u0259miryol va\u011fzallar\u0131nda t\u0259hl\u00fck\u0259sizlik t\u0259dbirl\u0259ri art\u0131q g\u00fccl\u0259ndirilib.<\/p>\n","protected":false},"excerpt":{"rendered":"<p>\u00c7exiya hakimiyy\u0259ti qon\u015fu \u00f6lk\u0259l\u0259rd\u0259, o c\u00fcml\u0259d\u0259n Almaniyada ba\u015f ver\u0259n insidentl\u0259r fonunda t\u0259hl\u00fck\u0259sizlik t\u0259dbirl\u0259rini g\u00fccl\u0259ndirm\u0259k q\u0259rar\u0131na g\u0259lib. Ucnoqta.az x\u0259b\u0259r verir ki, bu bar\u0259d\u0259 TK agentliyi \u00c7exiyan\u0131n daxili i\u015fl\u0259r naziri Lubomir Metnara&hellip;<\/p>\n","protected":false},"author":2,"featured_media":257267,"comment_status":"closed","ping_status":"closed","sticky":false,"template":"","format":"standard","meta":{"_lmt_disableupdate":"","_lmt_disable":"","footnotes":""},"categories":[34],"tags":[],"class_list":["post-257266","post","type-post","status-publish","format-standard","has-post-thumbnail","hentry","category-butun-xeberler"],"_links":{"self":[{"href":"https:\/\/ucnoqta.az\/index.php?rest_route=\/wp\/v2\/posts\/257266","targetHints":{"allow":["GET"]}}],"collection":[{"href":"https:\/\/ucnoqta.az\/index.php?rest_route=\/wp\/v2\/posts"}],"about":[{"href":"https:\/\/ucnoqta.az\/index.php?rest_route=\/wp\/v2\/types\/post"}],"author":[{"embeddable":true,"href":"https:\/\/ucnoqta.az\/index.php?rest_route=\/wp\/v2\/users\/2"}],"replies":[{"embeddable":true,"href":"https:\/\/ucnoqta.az\/index.php?rest_route=%2Fwp%2Fv2%2Fcomments&post=257266"}],"version-history":[{"count":0,"href":"https:\/\/ucnoqta.az\/index.php?rest_route=\/wp\/v2\/posts\/257266\/revisions"}],"wp:featuredmedia":[{"embeddable":true,"href":"https:\/\/ucnoqta.az\/index.php?rest_route=\/wp\/v2\/media\/257267"}],"wp:attachment":[{"href":"https:\/\/ucnoqta.az\/index.php?rest_route=%2Fwp%2Fv2%2Fmedia&parent=257266"}],"wp:term":[{"taxonomy":"category","embeddable":true,"href":"https:\/\/ucnoqta.az\/index.php?rest_route=%2Fwp%2Fv2%2Fcategories&post=257266"},{"taxonomy":"post_tag","embeddable":true,"href":"https:\/\/ucnoqta.az\/index.php?rest_route=%2Fwp%2Fv2%2Ftags&post=257266"}],"curies":[{"name":"wp","href":"https:\/\/api.w.org\/{rel}","templated":true}]}}