{"id":257213,"date":"2026-09-04T09:43:50","date_gmt":"2026-09-04T05:43:50","guid":{"rendered":"https:\/\/ucnoqta.az\/?p=257213"},"modified":"2026-09-04T09:43:50","modified_gmt":"2026-09-04T05:43:50","slug":"ilham-eliyev-melonini-t%c9%99brik-etdi","status":"publish","type":"post","link":"https:\/\/ucnoqta.az\/?p=257213","title":{"rendered":"\u0130lham \u018fliyev Melonini t\u0259brik etdi"},"content":{"rendered":"<p>Az\u0259rbaycan Prezidenti \u0130lham \u018fliyev \u0130taliyan\u0131n Ba\u015f naziri Corcia Melonini \u0259n uzun m\u00fcdd\u0259tli v\u0259zif\u0259d\u0259 olmas\u0131 m\u00fcnasib\u0259ti il\u0259 t\u0259brik edib.<\/p>\n<p>Ucnoqta.az x\u0259b\u0259r verir ki, bu bar\u0259d\u0259 \u0130lham \u018fliyevin &#8220;X&#8221; sosial media hesab\u0131nda payla\u015f\u0131l\u0131b.<\/p>\n<p>&#8220;\u0130taliya Respublikas\u0131n\u0131n tarixind\u0259 \u0259n uzun m\u00fcdd\u0259t Ba\u015f nazir v\u0259zif\u0259sind\u0259 \u00e7al\u0131\u015fan \u015f\u0259xs olmas\u0131 m\u00fcnasib\u0259til\u0259 \u0130taliyan\u0131n Ba\u015f naziri Corcia Meloniy\u0259 s\u0259mimi t\u0259brikl\u0259rimi \u00e7atd\u0131r\u0131ram.<\/p>\n<p>Bu tarixi nailiyy\u0259t onun g\u00fccl\u00fc liderliyini, siyasi q\u0259tiyy\u0259tini v\u0259 \u0130taliya xalq\u0131n\u0131n ona olan etimad\u0131n\u0131 \u0259ks etdirir.<\/p>\n<p>Ba\u015f nazir Meloninin Az\u0259rbaycan il\u0259 \u0130taliya aras\u0131nda strateji t\u0259r\u0259fda\u015fl\u0131\u011f\u0131n m\u00f6hk\u0259ml\u0259ndirilm\u0259sind\u0259 \u015f\u0259xsi rolunu v\u0259 d\u0259y\u0259rli t\u00f6hf\u0259sini y\u00fcks\u0259k qiym\u0259tl\u0259ndirir\u0259m.<\/p>\n<p>\u018fmin\u0259m ki, dostlu\u011fumuz v\u0259 qar\u015f\u0131l\u0131ql\u0131 faydal\u0131 \u0259m\u0259kda\u015fl\u0131\u011f\u0131m\u0131z \u00f6lk\u0259l\u0259rimizin v\u0259 xalqlar\u0131m\u0131z\u0131n rifah\u0131 namin\u0259 bundan sonra da d\u0259rinl\u0259\u015f\u0259c\u0259k v\u0259 geni\u015fl\u0259n\u0259c\u0259k&#8221;, &#8211; t\u0259brikd\u0259 deyilir.<\/p>\n","protected":false},"excerpt":{"rendered":"<p>Az\u0259rbaycan Prezidenti \u0130lham \u018fliyev \u0130taliyan\u0131n Ba\u015f naziri Corcia Melonini \u0259n uzun m\u00fcdd\u0259tli v\u0259zif\u0259d\u0259 olmas\u0131 m\u00fcnasib\u0259ti il\u0259 t\u0259brik edib. Ucnoqta.az x\u0259b\u0259r verir ki, bu bar\u0259d\u0259 \u0130lham \u018fliyevin &#8220;X&#8221; sosial media hesab\u0131nda&hellip;<\/p>\n","protected":false},"author":2,"featured_media":257214,"comment_status":"closed","ping_status":"closed","sticky":false,"template":"","format":"standard","meta":{"_lmt_disableupdate":"","_lmt_disable":"","footnotes":""},"categories":[111,86],"tags":[],"class_list":["post-257213","post","type-post","status-publish","format-standard","has-post-thumbnail","hentry","category-manset","category-siyaset"],"_links":{"self":[{"href":"https:\/\/ucnoqta.az\/index.php?rest_route=\/wp\/v2\/posts\/257213","targetHints":{"allow":["GET"]}}],"collection":[{"href":"https:\/\/ucnoqta.az\/index.php?rest_route=\/wp\/v2\/posts"}],"about":[{"href":"https:\/\/ucnoqta.az\/index.php?rest_route=\/wp\/v2\/types\/post"}],"author":[{"embeddable":true,"href":"https:\/\/ucnoqta.az\/index.php?rest_route=\/wp\/v2\/users\/2"}],"replies":[{"embeddable":true,"href":"https:\/\/ucnoqta.az\/index.php?rest_route=%2Fwp%2Fv2%2Fcomments&post=257213"}],"version-history":[{"count":0,"href":"https:\/\/ucnoqta.az\/index.php?rest_route=\/wp\/v2\/posts\/257213\/revisions"}],"wp:featuredmedia":[{"embeddable":true,"href":"https:\/\/ucnoqta.az\/index.php?rest_route=\/wp\/v2\/media\/257214"}],"wp:attachment":[{"href":"https:\/\/ucnoqta.az\/index.php?rest_route=%2Fwp%2Fv2%2Fmedia&parent=257213"}],"wp:term":[{"taxonomy":"category","embeddable":true,"href":"https:\/\/ucnoqta.az\/index.php?rest_route=%2Fwp%2Fv2%2Fcategories&post=257213"},{"taxonomy":"post_tag","embeddable":true,"href":"https:\/\/ucnoqta.az\/index.php?rest_route=%2Fwp%2Fv2%2Ftags&post=257213"}],"curies":[{"name":"wp","href":"https:\/\/api.w.org\/{rel}","templated":true}]}}