{"id":257195,"date":"2026-09-04T00:16:00","date_gmt":"2026-09-03T20:16:00","guid":{"rendered":"https:\/\/ucnoqta.az\/?p=257195"},"modified":"2026-09-04T00:16:00","modified_gmt":"2026-09-03T20:16:00","slug":"m%c9%99shur-avtomobil-sirk%c9%99tind%c9%99-kutl%c9%99vi-ixtisar-50-min-is-yeri","status":"publish","type":"post","link":"https:\/\/ucnoqta.az\/?p=257195","title":{"rendered":"M\u0259\u015fhur avtomobil \u015firk\u0259tind\u0259 k\u00fctl\u0259vi ixtisar: <span style=\"color:red;\">50 min i\u015f yeri &#8230; <\/span>"},"content":{"rendered":"<p><strong>Almaniyan\u0131n avtomobil n\u0259h\u0259ngi &#8220;Volkswagen&#8221;in M\u00fc\u015fahid\u0259 \u015euras\u0131 \u015firk\u0259tin idar\u0259 hey\u0259tinin t\u0259klif etdiyi restrukturizasiya plan\u0131n\u0131 t\u0259sdiql\u0259yib.<\/strong><\/p>\n<p>Ucnoqta.az DPA-ya istinad\u0259n x\u0259b\u0259r verir ki, \u201cG\u0259l\u0259c\u0259k plan\u0131 \u2013 2030\u201d adl\u0131 proqram \u00e7\u0259r\u00e7iv\u0259sind\u0259 \u015firk\u0259t qar\u015f\u0131dak\u0131 ill\u0259rd\u0259 daha 50 min i\u015f yerini ixtisar etm\u0259yi planla\u015fd\u0131r\u0131r.<\/p>\n<p>M\u0259lumata g\u00f6r\u0259, M\u00fc\u015fahid\u0259 \u015euras\u0131 uzun v\u0259 konstruktiv m\u00fczakir\u0259l\u0259rd\u0259n sonra plan\u0131 yekdillikl\u0259 t\u0259sdiql\u0259yib. S\u0259n\u0259dd\u0259 qrup \u00fczr\u0259 i\u015f\u00e7i say\u0131n\u0131n d\u00fcnya miqyas\u0131nda t\u0259xmin\u0259n 50 min n\u0259f\u0259r azald\u0131lmas\u0131 n\u0259z\u0259rd\u0259 tutulur. \u015eirk\u0259t bu add\u0131m\u0131n transformasiya proqram\u0131n\u0131n h\u0259d\u0259fl\u0259rin\u0259 \u00e7atmaq \u00fc\u00e7\u00fcn z\u0259ruri oldu\u011funu bildirib.<\/p>\n<p>Bundan ba\u015fqa, &#8220;Volkswagen&#8221;in 4 zavodunun ba\u011flanmas\u0131 t\u0259hl\u00fck\u0259si yaran\u0131b. S\u00f6hb\u0259t Emden, Zvikau, Hannover v\u0259 Nekkarz\u00fclmd\u0259ki m\u00fc\u0259ssis\u0259l\u0259rd\u0259n gedir.<\/p>\n<p>\u015eirk\u0259t h\u0259min zavodlarda 2031-2034-c\u00fc ill\u0259rd\u0259n ba\u015flayaraq istehsal g\u00fccl\u0259rinin r\u0259qab\u0259tqabiliyy\u0259tli s\u0259viyy\u0259d\u0259 y\u00fckl\u0259nm\u0259sin\u0259 z\u0259man\u0259t verm\u0259yin m\u00fcmk\u00fcn olmad\u0131\u011f\u0131n\u0131 a\u00e7\u0131qlay\u0131b. M\u00fc\u0259ssis\u0259l\u0259r \u00fc\u00e7\u00fcn alternativ istifad\u0259 imkanlar\u0131n\u0131n da ara\u015fd\u0131r\u0131laca\u011f\u0131 bildirilib.<\/p>\n<p>Avropadak\u0131 zavodlar \u00fc\u00e7\u00fcn 2027-ci ilin iyunun sonunad\u0259k dayan\u0131ql\u0131 v\u0259 r\u0259qab\u0259tqabiliyy\u0259tli istehsal strukturunun yarad\u0131lmas\u0131 konsepsiyas\u0131 haz\u0131rlanmal\u0131d\u0131r. Plan h\u0259m\u00e7inin Volkswagen-in model \u00e7e\u015fidinin t\u0259xmin\u0259n 50 faiz azald\u0131lmas\u0131n\u0131 n\u0259z\u0259rd\u0259 tutur.<\/p>\n<p>Restrukturizasiya il\u0259 ba\u011fl\u0131 x\u0259rcl\u0259rin 10 milyard avroyad\u0259k \u00e7ataca\u011f\u0131 g\u00f6zl\u0259nilir.<\/p>\n<p>&#8220;Volkswagen&#8221; bildirib ki, yeni plan konsernin v\u0259 onun brendl\u0259rinin daha s\u0259m\u0259r\u0259li, r\u0259qab\u0259tqabiliyy\u0259tli v\u0259 g\u0259l\u0259c\u0259y\u0259 y\u00f6n\u0259lmi\u015f f\u0259aliyy\u0259t g\u00f6st\u0259rm\u0259si \u00fc\u00e7\u00fcn \u015f\u0259rait yaradacaq.<\/p>\n<p>Almaniyan\u0131n IG Metall h\u0259mkarlar ittifaq\u0131 v\u0259 konsernin \u00fcmumi istehsalat \u015furas\u0131 is\u0259 q\u0259rarla ba\u011fl\u0131 ilk a\u00e7\u0131qlamalar\u0131nda bunun m\u00fcnaqi\u015f\u0259nin daha da k\u0259skinl\u0259\u015fm\u0259sinin qar\u015f\u0131s\u0131n\u0131 ald\u0131\u011f\u0131n\u0131 vur\u011fulay\u0131blar.<\/p>\n","protected":false},"excerpt":{"rendered":"<p>Almaniyan\u0131n avtomobil n\u0259h\u0259ngi &#8220;Volkswagen&#8221;in M\u00fc\u015fahid\u0259 \u015euras\u0131 \u015firk\u0259tin idar\u0259 hey\u0259tinin t\u0259klif etdiyi restrukturizasiya plan\u0131n\u0131 t\u0259sdiql\u0259yib. Ucnoqta.az DPA-ya istinad\u0259n x\u0259b\u0259r verir ki, \u201cG\u0259l\u0259c\u0259k plan\u0131 \u2013 2030\u201d adl\u0131 proqram \u00e7\u0259r\u00e7iv\u0259sind\u0259 \u015firk\u0259t qar\u015f\u0131dak\u0131 ill\u0259rd\u0259&hellip;<\/p>\n","protected":false},"author":2,"featured_media":257196,"comment_status":"closed","ping_status":"closed","sticky":false,"template":"","format":"standard","meta":{"_lmt_disableupdate":"","_lmt_disable":"","footnotes":""},"categories":[99],"tags":[],"class_list":["post-257195","post","type-post","status-publish","format-standard","has-post-thumbnail","hentry","category-avto"],"_links":{"self":[{"href":"https:\/\/ucnoqta.az\/index.php?rest_route=\/wp\/v2\/posts\/257195","targetHints":{"allow":["GET"]}}],"collection":[{"href":"https:\/\/ucnoqta.az\/index.php?rest_route=\/wp\/v2\/posts"}],"about":[{"href":"https:\/\/ucnoqta.az\/index.php?rest_route=\/wp\/v2\/types\/post"}],"author":[{"embeddable":true,"href":"https:\/\/ucnoqta.az\/index.php?rest_route=\/wp\/v2\/users\/2"}],"replies":[{"embeddable":true,"href":"https:\/\/ucnoqta.az\/index.php?rest_route=%2Fwp%2Fv2%2Fcomments&post=257195"}],"version-history":[{"count":0,"href":"https:\/\/ucnoqta.az\/index.php?rest_route=\/wp\/v2\/posts\/257195\/revisions"}],"wp:featuredmedia":[{"embeddable":true,"href":"https:\/\/ucnoqta.az\/index.php?rest_route=\/wp\/v2\/media\/257196"}],"wp:attachment":[{"href":"https:\/\/ucnoqta.az\/index.php?rest_route=%2Fwp%2Fv2%2Fmedia&parent=257195"}],"wp:term":[{"taxonomy":"category","embeddable":true,"href":"https:\/\/ucnoqta.az\/index.php?rest_route=%2Fwp%2Fv2%2Fcategories&post=257195"},{"taxonomy":"post_tag","embeddable":true,"href":"https:\/\/ucnoqta.az\/index.php?rest_route=%2Fwp%2Fv2%2Ftags&post=257195"}],"curies":[{"name":"wp","href":"https:\/\/api.w.org\/{rel}","templated":true}]}}