{"id":257171,"date":"2026-09-04T00:02:30","date_gmt":"2026-09-03T20:02:30","guid":{"rendered":"https:\/\/ucnoqta.az\/?p=257171"},"modified":"2026-09-04T00:02:30","modified_gmt":"2026-09-03T20:02:30","slug":"abs-tezlikl%c9%99-iran-uz%c9%99rind%c9%99-q%c9%99l%c9%99b%c9%99-qazanacaq-amerika-lideri","status":"publish","type":"post","link":"https:\/\/ucnoqta.az\/?p=257171","title":{"rendered":"AB\u015e tezlikl\u0259 \u0130ran \u00fcz\u0259rind\u0259 q\u0259l\u0259b\u0259 qazanacaq &#8211; Amerika lideri"},"content":{"rendered":"<p data-start=\"56\" data-end=\"146\"><strong>AB\u015e Prezidenti Donald Tramp \u00f6lk\u0259sinin \u0130ran \u00fcz\u0259rind\u0259 tezlikl\u0259 q\u0259l\u0259b\u0259 qazanaca\u011f\u0131n\u0131 bildirib.<\/strong><\/p>\n<p data-start=\"148\" data-end=\"211\">Ucnoqta.az x\u0259b\u0259r verir ki, Tramp bu bar\u0259d\u0259 <strong data-start=\"164\" data-end=\"175\">GB News<\/strong> telekanal\u0131na m\u00fcsahib\u0259sind\u0259 dan\u0131\u015f\u0131b.<\/p>\n<p data-start=\"213\" data-end=\"365\">\u201cBiz qalib g\u0259l\u0259c\u0259yik. Bu, tezlikl\u0259 ba\u015f ver\u0259c\u0259k, \u00e7\u00fcnki art\u0131q qalib g\u0259lmi\u015fik. Onlar\u0131n n\u00fcv\u0259 silah\u0131na malik olmas\u0131na imkan verm\u0259k olmaz\u201d, \u2013 dey\u0259 o bildirib.<\/p>\n<p data-start=\"367\" data-end=\"633\">AB\u015e lideri h\u0259m\u00e7inin \u0130rana qar\u015f\u0131 z\u0259rb\u0259l\u0259r endirm\u0259k q\u0259rar\u0131n\u0131n do\u011fru oldu\u011funu iddia edib. Onun s\u00f6zl\u0259rin\u0259 g\u00f6r\u0259, AB\u015e bu add\u0131m\u0131 atmasayd\u0131, Tehran \u201ciki, b\u0259lk\u0259 d\u0259 d\u00f6rd h\u0259ft\u0259\u201d \u0259rzind\u0259 n\u00fcv\u0259 silah\u0131 \u0259ld\u0259 ed\u0259 bil\u0259rdi. Tramp haz\u0131rda bu m\u00fcdd\u0259tin 25 il\u0259 q\u0259d\u0259r uzad\u0131ld\u0131\u011f\u0131n\u0131 s\u00f6yl\u0259yib.<\/p>\n<p data-start=\"635\" data-end=\"774\" data-is-last-node=\"\" data-is-only-node=\"\">Eyni zamanda, AB\u015e Prezidenti \u00f6lk\u0259sinin \u0130rana qar\u015f\u0131 \u0259m\u0259liyyatlar\u0131n\u0131n u\u011furla davam etdiyini v\u0259 <strong data-start=\"728\" data-end=\"764\">H\u00f6rm\u00fcz bo\u011faz\u0131na n\u0259zar\u0259t etdiyini<\/strong> bildirib.<\/p>\n","protected":false},"excerpt":{"rendered":"<p>AB\u015e Prezidenti Donald Tramp \u00f6lk\u0259sinin \u0130ran \u00fcz\u0259rind\u0259 tezlikl\u0259 q\u0259l\u0259b\u0259 qazanaca\u011f\u0131n\u0131 bildirib. Ucnoqta.az x\u0259b\u0259r verir ki, Tramp bu bar\u0259d\u0259 GB News telekanal\u0131na m\u00fcsahib\u0259sind\u0259 dan\u0131\u015f\u0131b. \u201cBiz qalib g\u0259l\u0259c\u0259yik. Bu, tezlikl\u0259 ba\u015f ver\u0259c\u0259k,&hellip;<\/p>\n","protected":false},"author":2,"featured_media":256289,"comment_status":"closed","ping_status":"closed","sticky":false,"template":"","format":"standard","meta":{"_lmt_disableupdate":"","_lmt_disable":"","footnotes":""},"categories":[34],"tags":[],"class_list":["post-257171","post","type-post","status-publish","format-standard","has-post-thumbnail","hentry","category-butun-xeberler"],"_links":{"self":[{"href":"https:\/\/ucnoqta.az\/index.php?rest_route=\/wp\/v2\/posts\/257171","targetHints":{"allow":["GET"]}}],"collection":[{"href":"https:\/\/ucnoqta.az\/index.php?rest_route=\/wp\/v2\/posts"}],"about":[{"href":"https:\/\/ucnoqta.az\/index.php?rest_route=\/wp\/v2\/types\/post"}],"author":[{"embeddable":true,"href":"https:\/\/ucnoqta.az\/index.php?rest_route=\/wp\/v2\/users\/2"}],"replies":[{"embeddable":true,"href":"https:\/\/ucnoqta.az\/index.php?rest_route=%2Fwp%2Fv2%2Fcomments&post=257171"}],"version-history":[{"count":0,"href":"https:\/\/ucnoqta.az\/index.php?rest_route=\/wp\/v2\/posts\/257171\/revisions"}],"wp:featuredmedia":[{"embeddable":true,"href":"https:\/\/ucnoqta.az\/index.php?rest_route=\/wp\/v2\/media\/256289"}],"wp:attachment":[{"href":"https:\/\/ucnoqta.az\/index.php?rest_route=%2Fwp%2Fv2%2Fmedia&parent=257171"}],"wp:term":[{"taxonomy":"category","embeddable":true,"href":"https:\/\/ucnoqta.az\/index.php?rest_route=%2Fwp%2Fv2%2Fcategories&post=257171"},{"taxonomy":"post_tag","embeddable":true,"href":"https:\/\/ucnoqta.az\/index.php?rest_route=%2Fwp%2Fv2%2Ftags&post=257171"}],"curies":[{"name":"wp","href":"https:\/\/api.w.org\/{rel}","templated":true}]}}