{"id":257169,"date":"2026-09-04T00:01:47","date_gmt":"2026-09-03T20:01:47","guid":{"rendered":"https:\/\/ucnoqta.az\/?p=257169"},"modified":"2026-09-04T00:01:47","modified_gmt":"2026-09-03T20:01:47","slug":"putini-g20-y%c9%99-d%c9%99v%c9%99t-etm%c9%99k-bar%c9%99d%c9%99-dusunm%c9%99mis%c9%99m-tramp","status":"publish","type":"post","link":"https:\/\/ucnoqta.az\/?p=257169","title":{"rendered":"Putini G20-y\u0259 d\u0259v\u0259t etm\u0259k bar\u0259d\u0259 d\u00fc\u015f\u00fcnm\u0259mi\u015f\u0259m &#8211; Tramp"},"content":{"rendered":"<p data-start=\"79\" data-end=\"275\"><strong>AB\u015e Prezidenti Donald Tramp Rusiyan\u0131n d\u00f6vl\u0259t ba\u015f\u00e7\u0131s\u0131 Vladimir Putinin dekabrda AB\u015e-da ke\u00e7iril\u0259c\u0259k \u201cB\u00f6y\u00fck iyirmilik\u201d (G20) sammitin\u0259 d\u0259v\u0259t olunmas\u0131 m\u0259s\u0259l\u0259sini h\u0259l\u0259 n\u0259z\u0259rd\u0259n ke\u00e7irm\u0259diyini deyib.<\/strong><\/p>\n<p data-start=\"277\" data-end=\"340\">Ucnoqta.az x\u0259b\u0259r verir ki, Tramp bu bar\u0259d\u0259 <strong data-start=\"293\" data-end=\"304\">GB News<\/strong> telekanal\u0131na m\u00fcsahib\u0259sind\u0259 dan\u0131\u015f\u0131b.<\/p>\n<p data-start=\"342\" data-end=\"404\">\u201cM\u0259n h\u0259l\u0259 bu bar\u0259d\u0259 d\u00fc\u015f\u00fcnm\u0259mi\u015f\u0259m\u201d, \u2013 dey\u0259 AB\u015e lideri bildirib.<\/p>\n<p data-start=\"406\" data-end=\"677\">Qeyd ed\u0259k ki, <strong data-start=\"420\" data-end=\"443\">The Washington Post<\/strong> aprelin sonunda D\u00f6vl\u0259t Departamentind\u0259ki m\u0259nb\u0259l\u0259r\u0259 istinad\u0259n Tramp\u0131n Putini G20 sammitin\u0259 d\u0259v\u0259t etm\u0259k niyy\u0259tind\u0259 oldu\u011funu yazm\u0131\u015fd\u0131. Zirv\u0259 g\u00f6r\u00fc\u015f\u00fcn\u00fcn dekabr\u0131n 14-15-d\u0259 Mayami yax\u0131nl\u0131\u011f\u0131ndak\u0131 Doraldak\u0131 \u0259razid\u0259 ke\u00e7irilm\u0259si planla\u015fd\u0131r\u0131l\u0131r.<\/p>\n<p data-start=\"679\" data-end=\"796\" data-is-last-node=\"\" data-is-only-node=\"\">Tramp daha sonra jurnalistl\u0259r\u0259 m\u00fcmk\u00fcn sammitd\u0259 Rusiya liderinin i\u015ftirak\u0131n\u0131n \u201c\u00e7ox faydal\u0131\u201d ola bil\u0259c\u0259yini bildirmi\u015fdi.<\/p>\n","protected":false},"excerpt":{"rendered":"<p>AB\u015e Prezidenti Donald Tramp Rusiyan\u0131n d\u00f6vl\u0259t ba\u015f\u00e7\u0131s\u0131 Vladimir Putinin dekabrda AB\u015e-da ke\u00e7iril\u0259c\u0259k \u201cB\u00f6y\u00fck iyirmilik\u201d (G20) sammitin\u0259 d\u0259v\u0259t olunmas\u0131 m\u0259s\u0259l\u0259sini h\u0259l\u0259 n\u0259z\u0259rd\u0259n ke\u00e7irm\u0259diyini deyib. Ucnoqta.az x\u0259b\u0259r verir ki, Tramp bu bar\u0259d\u0259&hellip;<\/p>\n","protected":false},"author":2,"featured_media":256632,"comment_status":"closed","ping_status":"closed","sticky":false,"template":"","format":"standard","meta":{"_lmt_disableupdate":"","_lmt_disable":"","footnotes":""},"categories":[89],"tags":[],"class_list":["post-257169","post","type-post","status-publish","format-standard","has-post-thumbnail","hentry","category-dunya-butun-xeberler"],"_links":{"self":[{"href":"https:\/\/ucnoqta.az\/index.php?rest_route=\/wp\/v2\/posts\/257169","targetHints":{"allow":["GET"]}}],"collection":[{"href":"https:\/\/ucnoqta.az\/index.php?rest_route=\/wp\/v2\/posts"}],"about":[{"href":"https:\/\/ucnoqta.az\/index.php?rest_route=\/wp\/v2\/types\/post"}],"author":[{"embeddable":true,"href":"https:\/\/ucnoqta.az\/index.php?rest_route=\/wp\/v2\/users\/2"}],"replies":[{"embeddable":true,"href":"https:\/\/ucnoqta.az\/index.php?rest_route=%2Fwp%2Fv2%2Fcomments&post=257169"}],"version-history":[{"count":0,"href":"https:\/\/ucnoqta.az\/index.php?rest_route=\/wp\/v2\/posts\/257169\/revisions"}],"wp:featuredmedia":[{"embeddable":true,"href":"https:\/\/ucnoqta.az\/index.php?rest_route=\/wp\/v2\/media\/256632"}],"wp:attachment":[{"href":"https:\/\/ucnoqta.az\/index.php?rest_route=%2Fwp%2Fv2%2Fmedia&parent=257169"}],"wp:term":[{"taxonomy":"category","embeddable":true,"href":"https:\/\/ucnoqta.az\/index.php?rest_route=%2Fwp%2Fv2%2Fcategories&post=257169"},{"taxonomy":"post_tag","embeddable":true,"href":"https:\/\/ucnoqta.az\/index.php?rest_route=%2Fwp%2Fv2%2Ftags&post=257169"}],"curies":[{"name":"wp","href":"https:\/\/api.w.org\/{rel}","templated":true}]}}