{"id":257135,"date":"2026-09-03T17:13:46","date_gmt":"2026-09-03T13:13:46","guid":{"rendered":"https:\/\/ucnoqta.az\/?p=257135"},"modified":"2026-09-03T17:13:46","modified_gmt":"2026-09-03T13:13:46","slug":"mil-muganda-sentyabr-konfranslari-basa-catib","status":"publish","type":"post","link":"https:\/\/ucnoqta.az\/?p=257135","title":{"rendered":"Mil-Mu\u011fanda sentyabr konfranslar\u0131 ba\u015fa \u00e7at\u0131b"},"content":{"rendered":"<p><strong>Mil-Mu\u011fan Regional T\u0259hsil \u0130dar\u0259sind\u0259 2026\u20132027-ci t\u0259dris ili \u00fczr\u0259 Sentyabr konfranslar\u0131 v\u0259 panel m\u00fczakir\u0259l\u0259rin yekunlar\u0131na dair m\u00fc\u015favir\u0259 ke\u00e7irilib.<\/strong><\/p>\n<p>Ucnoqta.az x\u0259b\u0259r verir ki, m\u00fc\u015favir\u0259d\u0259 Mil-Mu\u011fan Regional T\u0259hsil \u0130dar\u0259sinin m\u00fcdiri B\u0259hruz N\u0259bili, m\u00fcdir m\u00fcavini Rabil \u015eahbazov, idar\u0259nin struktur b\u00f6lm\u0259 r\u0259hb\u0259rl\u0259ri v\u0259 \u0259m\u0259kda\u015flar\u0131, h\u0259m\u00e7inin Beyl\u0259qan, \u0130mi\u015fli, Saatl\u0131 v\u0259 Sabirabad rayonlar\u0131 \u00fczr\u0259 t\u0259hsil sektorlar\u0131n\u0131n m\u00fcdirl\u0259ri v\u0259 \u0259m\u0259kda\u015flar\u0131 i\u015ftirak edibl\u0259r.<br \/>\nG\u00f6r\u00fc\u015fd\u0259 d\u00f6rd rayonda ke\u00e7iril\u0259n Sentyabr konfranslar\u0131 v\u0259 panel m\u00fczakir\u0259l\u0259r zaman\u0131 t\u0259hsil m\u00fc\u0259ssis\u0259l\u0259rinin r\u0259hb\u0259rl\u0259ri, m\u00fc\u0259lliml\u0259r v\u0259 dig\u0259r t\u0259hsil i\u015f\u00e7il\u0259ri t\u0259r\u0259find\u0259n s\u0259sl\u0259ndiril\u0259n fikir, t\u0259klif v\u0259 t\u0259\u015f\u0259bb\u00fcsl\u0259r \u00fcmumil\u0259\u015fdirilib.<br \/>\nM\u00fczakir\u0259l\u0259r zaman\u0131 t\u0259drisin keyfiyy\u0259tinin y\u00fcks\u0259ldilm\u0259si, \u015fagird nailiyy\u0259tl\u0259rinin art\u0131r\u0131lmas\u0131, m\u00fc\u0259lliml\u0259rin pe\u015f\u0259kar inki\u015faf\u0131n\u0131n d\u0259st\u0259kl\u0259nm\u0259si, m\u0259kt\u0259b-valideyn \u0259m\u0259kda\u015fl\u0131\u011f\u0131n\u0131n g\u00fccl\u0259ndirilm\u0259si v\u0259 t\u0259hsil m\u00fc\u0259ssis\u0259l\u0259rind\u0259 sa\u011flam, t\u0259hl\u00fck\u0259siz v\u0259 d\u0259st\u0259kl\u0259yici m\u00fchitin formala\u015fd\u0131r\u0131lmas\u0131 il\u0259 ba\u011fl\u0131 m\u0259s\u0259l\u0259l\u0259r \u00f6n\u0259 \u00e7\u0259kilib.<br \/>\nX\u00fcsusil\u0259 t\u0259lim n\u0259tic\u0259l\u0259ri z\u0259if olan \u015fagirdl\u0259rl\u0259 i\u015fin daha sistemli v\u0259 m\u0259qs\u0259dy\u00f6nl\u00fc t\u0259\u015fkil olunmas\u0131n\u0131n vacibliyi vur\u011fulan\u0131b. \u015eagirdl\u0259rin f\u0259rdi ehtiyaclar\u0131n\u0131n vaxt\u0131nda m\u00fc\u0259yy\u0259nl\u0259\u015fdirilm\u0259si, onlara uy\u011fun d\u0259st\u0259k mexanizml\u0259rinin t\u0259tbiqi v\u0259 bu proses\u0259 valideynl\u0259rin daha f\u0259al c\u0259lb olunmas\u0131n\u0131n \u0259h\u0259miyy\u0259ti qeyd edilib.<br \/>\nPanel m\u00fczakir\u0259l\u0259rd\u0259 m\u00fc\u0259lliml\u0259rin qar\u015f\u0131l\u0131ql\u0131 d\u0259rsdinl\u0259m\u0259l\u0259rinin t\u0259\u015fkili, qabaqc\u0131l t\u0259cr\u00fcb\u0259l\u0259rin payla\u015f\u0131lmas\u0131 v\u0259 t\u0259hsil m\u00fc\u0259ssis\u0259l\u0259ri aras\u0131nda t\u0259cr\u00fcb\u0259 m\u00fcbadil\u0259sinin geni\u015fl\u0259ndirilm\u0259si il\u0259 ba\u011fl\u0131 t\u0259klifl\u0259r d\u0259 s\u0259sl\u0259ndirilib. Bildirilib ki, m\u00fc\u0259lliml\u0259r aras\u0131nda \u0259m\u0259kda\u015fl\u0131q v\u0259 t\u0259cr\u00fcb\u0259 m\u00fcbadil\u0259sinin g\u00fccl\u0259ndirilm\u0259si t\u0259dris prosesinin t\u0259kmill\u0259\u015fdirilm\u0259sin\u0259 v\u0259 pe\u015f\u0259kar inki\u015faf\u0131n d\u0259st\u0259kl\u0259nm\u0259sin\u0259 m\u00fch\u00fcm imkanlar yarad\u0131r.<br \/>\nM\u00fc\u015favir\u0259d\u0259 bildirilib ki, Sentyabr konfranslar\u0131 t\u0259hsil m\u00fc\u0259ssis\u0259l\u0259rind\u0259 m\u00f6vcud v\u0259ziyy\u0259tin qiym\u0259tl\u0259ndirilm\u0259si il\u0259 yana\u015f\u0131, t\u0259hsil i\u015f\u00e7il\u0259rinin qar\u015f\u0131la\u015fd\u0131qlar\u0131 m\u0259s\u0259l\u0259l\u0259ri, onlar\u0131n t\u0259klif v\u0259 t\u0259\u015f\u0259bb\u00fcsl\u0259rini birba\u015fa diqq\u0259t\u0259 \u00e7atd\u0131rmalar\u0131 \u00fc\u00e7\u00fcn m\u00fch\u00fcm platforma olub. Panel m\u00fczakir\u0259l\u0259r zaman\u0131 s\u0259sl\u0259ndiril\u0259n fikirl\u0259r n\u00f6vb\u0259ti t\u0259dris ili \u00fczr\u0259 f\u0259aliyy\u0259t istiqam\u0259tl\u0259rinin m\u00fc\u0259yy\u0259nl\u0259\u015fdirilm\u0259si bax\u0131m\u0131ndan \u0259h\u0259miyy\u0259tli hesab edilib.<br \/>\nSonda panel m\u00fczakir\u0259l\u0259rin n\u0259tic\u0259l\u0259ri v\u0259 s\u0259sl\u0259ndiril\u0259n t\u0259klifl\u0259r \u0259sas\u0131nda 2026\u20132027-ci t\u0259dris ili \u00fczr\u0259 prioritet istiqam\u0259tl\u0259r m\u00fc\u0259yy\u0259nl\u0259\u015fdirilib. T\u0259hsil m\u00fc\u0259ssis\u0259l\u0259rind\u0259 t\u0259drisin keyfiyy\u0259tinin daha da y\u00fcks\u0259ldilm\u0259si, \u015fagird nailiyy\u0259tl\u0259rinin art\u0131r\u0131lmas\u0131, m\u00fc\u0259lliml\u0259rin pe\u015f\u0259kar inki\u015faf\u0131n\u0131n d\u0259st\u0259kl\u0259nm\u0259si, m\u0259kt\u0259b-valideyn \u0259m\u0259kda\u015fl\u0131\u011f\u0131n\u0131n g\u00fccl\u0259ndirilm\u0259si v\u0259 t\u0259hsil m\u00fchitinin t\u0259kmill\u0259\u015fdirilm\u0259si istiqam\u0259tind\u0259 m\u00fcvafiq t\u0259dbirl\u0259rin h\u0259yata ke\u00e7irilm\u0259si n\u0259z\u0259rd\u0259 tutulub.<br \/>\nBununla da Mil-Mu\u011fan Regional T\u0259hsil \u0130dar\u0259sinin tabeliyind\u0259 f\u0259aliyy\u0259t g\u00f6st\u0259r\u0259n t\u0259hsil m\u00fc\u0259ssis\u0259l\u0259rini \u0259hat\u0259 ed\u0259n 2026\u20132027-ci t\u0259dris ili \u00fczr\u0259 Sentyabr konfranslar\u0131 ba\u015fa \u00e7at\u0131b.<\/p>\n<div data-sliderid=\"9130\" id=\"penci-post-gallery__9130\" class=\"penci-post-gallery-container justified column-3\" data-height=\"150\" data-margin=\"3\"><a class=\"penci-gallery-ite item-gallery-justified\" href=\"https:\/\/ucnoqta.az\/wp-content\/uploads\/2026\/09\/792159138_1593114805941165_1960514640996006475_n.jpg\" data-rel=\"penci-gallery-image-content\" ><img decoding=\"async\" src=\"https:\/\/ucnoqta.az\/wp-content\/uploads\/2026\/09\/792159138_1593114805941165_1960514640996006475_n-585x559.jpg\" alt=\"\" title=\"792159138_1593114805941165_1960514640996006475_n\"><\/a><a class=\"penci-gallery-ite item-gallery-justified\" href=\"https:\/\/ucnoqta.az\/wp-content\/uploads\/2026\/09\/791943101_1593114939274485_2965215659469436374_n.jpg\" data-rel=\"penci-gallery-image-content\" ><img decoding=\"async\" src=\"https:\/\/ucnoqta.az\/wp-content\/uploads\/2026\/09\/791943101_1593114939274485_2965215659469436374_n-585x430.jpg\" alt=\"\" title=\"791943101_1593114939274485_2965215659469436374_n\"><\/a><a class=\"penci-gallery-ite item-gallery-justified\" href=\"https:\/\/ucnoqta.az\/wp-content\/uploads\/2026\/09\/791145094_1593114242607888_3417384792840536638_n.jpg\" data-rel=\"penci-gallery-image-content\" ><img decoding=\"async\" src=\"https:\/\/ucnoqta.az\/wp-content\/uploads\/2026\/09\/791145094_1593114242607888_3417384792840536638_n-585x371.jpg\" alt=\"\" title=\"791145094_1593114242607888_3417384792840536638_n\"><\/a><\/div>\n","protected":false},"excerpt":{"rendered":"<p>Mil-Mu\u011fan Regional T\u0259hsil \u0130dar\u0259sind\u0259 2026\u20132027-ci t\u0259dris ili \u00fczr\u0259 Sentyabr konfranslar\u0131 v\u0259 panel m\u00fczakir\u0259l\u0259rin yekunlar\u0131na dair m\u00fc\u015favir\u0259 ke\u00e7irilib. Ucnoqta.az x\u0259b\u0259r verir ki, m\u00fc\u015favir\u0259d\u0259 Mil-Mu\u011fan Regional T\u0259hsil \u0130dar\u0259sinin m\u00fcdiri B\u0259hruz N\u0259bili, m\u00fcdir&hellip;<\/p>\n","protected":false},"author":2,"featured_media":257138,"comment_status":"closed","ping_status":"closed","sticky":false,"template":"","format":"standard","meta":{"_lmt_disableupdate":"","_lmt_disable":"","footnotes":""},"categories":[91],"tags":[],"class_list":["post-257135","post","type-post","status-publish","format-standard","has-post-thumbnail","hentry","category-olkeici"],"_links":{"self":[{"href":"https:\/\/ucnoqta.az\/index.php?rest_route=\/wp\/v2\/posts\/257135","targetHints":{"allow":["GET"]}}],"collection":[{"href":"https:\/\/ucnoqta.az\/index.php?rest_route=\/wp\/v2\/posts"}],"about":[{"href":"https:\/\/ucnoqta.az\/index.php?rest_route=\/wp\/v2\/types\/post"}],"author":[{"embeddable":true,"href":"https:\/\/ucnoqta.az\/index.php?rest_route=\/wp\/v2\/users\/2"}],"replies":[{"embeddable":true,"href":"https:\/\/ucnoqta.az\/index.php?rest_route=%2Fwp%2Fv2%2Fcomments&post=257135"}],"version-history":[{"count":0,"href":"https:\/\/ucnoqta.az\/index.php?rest_route=\/wp\/v2\/posts\/257135\/revisions"}],"wp:featuredmedia":[{"embeddable":true,"href":"https:\/\/ucnoqta.az\/index.php?rest_route=\/wp\/v2\/media\/257138"}],"wp:attachment":[{"href":"https:\/\/ucnoqta.az\/index.php?rest_route=%2Fwp%2Fv2%2Fmedia&parent=257135"}],"wp:term":[{"taxonomy":"category","embeddable":true,"href":"https:\/\/ucnoqta.az\/index.php?rest_route=%2Fwp%2Fv2%2Fcategories&post=257135"},{"taxonomy":"post_tag","embeddable":true,"href":"https:\/\/ucnoqta.az\/index.php?rest_route=%2Fwp%2Fv2%2Ftags&post=257135"}],"curies":[{"name":"wp","href":"https:\/\/api.w.org\/{rel}","templated":true}]}}