{"id":257109,"date":"2026-09-03T16:11:14","date_gmt":"2026-09-03T12:11:14","guid":{"rendered":"https:\/\/ucnoqta.az\/?p=257109"},"modified":"2026-09-03T16:11:14","modified_gmt":"2026-09-03T12:11:14","slug":"dunyanin-%c9%99halisi-qocalir-yaslilarin-sayi-5-yasad%c9%99k-usaqlari-kecdi","status":"publish","type":"post","link":"https:\/\/ucnoqta.az\/?p=257109","title":{"rendered":"D\u00fcnyan\u0131n \u0259halisi qocal\u0131r: <span style=\"color:red;\">Ya\u015fl\u0131lar\u0131n say\u0131 5 ya\u015fad\u0259k u\u015faqlar\u0131 ke\u00e7di <\/span>"},"content":{"rendered":"<p class=\"PDq2pG_selectionAnchorContainer\" data-start=\"78\" data-end=\"252\"><strong>D\u00fcnyada 65 ya\u015f v\u0259 daha yuxar\u0131 insanlar\u0131n say\u0131 ilk d\u0259f\u0259 tarixd\u0259 5 ya\u015fad\u0259k u\u015faqlar\u0131n say\u0131n\u0131 \u00f6t\u00fcb. Buna \u0259sas s\u0259b\u0259b do\u011fum s\u0259viyy\u0259sinin azalmas\u0131 v\u0259 insanlar\u0131n \u00f6mr\u00fcn\u00fcn uzanmas\u0131d\u0131r.<\/strong><\/p>\n<p data-start=\"254\" data-end=\"361\">Ucnoqta.az x\u0259b\u0259r verir ki, bu bar\u0259d\u0259 \u201cAxios\u201d AB\u015e Siyah\u0131yaalma B\u00fcrosunun hesabat\u0131na istinad\u0259n m\u0259lumat yay\u0131b.<\/p>\n<p data-start=\"363\" data-end=\"522\">Qeyd olunur ki, d\u00fcnyada do\u011fum s\u0259viyy\u0259sinin azalmas\u0131 v\u0259 \u00f6m\u00fcr uzunlu\u011funun artmas\u0131 \u0259m\u0259k qabiliyy\u0259tli v\u0259 ya\u015fl\u0131 \u0259hali aras\u0131ndak\u0131 \u0259n\u0259n\u0259vi demoqrafik balans\u0131 d\u0259yi\u015fir.<\/p>\n<p data-start=\"524\" data-end=\"726\">Proqnozlara g\u00f6r\u0259, 65 ya\u015fdan yuxar\u0131 insanlar\u0131n say\u0131 2025-ci ild\u0259ki 852 milyondan 2060-c\u0131 il\u0259d\u0259k 2 milyarda \u00e7atacaq. H\u0259min d\u00f6vr\u0259 q\u0259d\u0259r d\u00fcnya \u0259halisinin \u00fcmumi say\u0131n\u0131n 10,23 milyarda y\u00fcks\u0259l\u0259c\u0259yi g\u00f6zl\u0259nilir.<\/p>\n<p data-start=\"728\" data-end=\"1038\">Hesabata \u0259sas\u0259n, 2013-c\u00fc ild\u0259 d\u00fcnya \u0259halisinin 45%-i h\u0259r qad\u0131na orta hesabla 2,1 v\u0259 ya daha az u\u015fa\u011f\u0131n d\u00fc\u015fd\u00fcy\u00fc \u00f6lk\u0259l\u0259rd\u0259 ya\u015fay\u0131rd\u0131. 10 il sonra \u2013 2023-c\u00fc ild\u0259 bu g\u00f6st\u0259rici 71%-\u0259 y\u00fcks\u0259lib. AB\u015e Siyah\u0131yaalma B\u00fcrosu qeyd edib ki, d\u00fcnya bu s\u0259viyy\u0259y\u0259 demoqraflar\u0131n on il \u0259vv\u0259l proqnozla\u015fd\u0131rd\u0131\u011f\u0131ndan xeyli \u0259vv\u0259l \u00e7at\u0131b.<\/p>\n<p data-start=\"1040\" data-end=\"1367\" data-is-last-node=\"\" data-is-only-node=\"\">Hesabatda bildirilir ki, haz\u0131rda d\u00fcnyan\u0131n \u0259n \u00e7ox \u0259halisi olan iki \u00f6lk\u0259si \u2013 \u00c7in v\u0259 Hindistanda do\u011fum s\u0259viyy\u0259si \u0259halinin sad\u0259 t\u0259krar istehsal\u0131 \u00fc\u00e7\u00fcn t\u0259l\u0259b olunan h\u0259dd\u0259n a\u015fa\u011f\u0131d\u0131r. \u018fhalisinin say\u0131na g\u00f6r\u0259 dig\u0259r iri \u00f6lk\u0259l\u0259rd\u0259, o c\u00fcml\u0259d\u0259n Banqlade\u015f, Meksika v\u0259 Vyetnamda da 2013-c\u00fc ild\u0259n etibar\u0259n do\u011fum s\u0259viyy\u0259si bu h\u0259dd\u0259n a\u015fa\u011f\u0131 d\u00fc\u015f\u00fcb.<\/p>\n","protected":false},"excerpt":{"rendered":"<p>D\u00fcnyada 65 ya\u015f v\u0259 daha yuxar\u0131 insanlar\u0131n say\u0131 ilk d\u0259f\u0259 tarixd\u0259 5 ya\u015fad\u0259k u\u015faqlar\u0131n say\u0131n\u0131 \u00f6t\u00fcb. Buna \u0259sas s\u0259b\u0259b do\u011fum s\u0259viyy\u0259sinin azalmas\u0131 v\u0259 insanlar\u0131n \u00f6mr\u00fcn\u00fcn uzanmas\u0131d\u0131r. Ucnoqta.az x\u0259b\u0259r verir ki,&hellip;<\/p>\n","protected":false},"author":2,"featured_media":257110,"comment_status":"closed","ping_status":"closed","sticky":false,"template":"","format":"standard","meta":{"_lmt_disableupdate":"","_lmt_disable":"","footnotes":""},"categories":[34,111],"tags":[],"class_list":["post-257109","post","type-post","status-publish","format-standard","has-post-thumbnail","hentry","category-butun-xeberler","category-manset"],"_links":{"self":[{"href":"https:\/\/ucnoqta.az\/index.php?rest_route=\/wp\/v2\/posts\/257109","targetHints":{"allow":["GET"]}}],"collection":[{"href":"https:\/\/ucnoqta.az\/index.php?rest_route=\/wp\/v2\/posts"}],"about":[{"href":"https:\/\/ucnoqta.az\/index.php?rest_route=\/wp\/v2\/types\/post"}],"author":[{"embeddable":true,"href":"https:\/\/ucnoqta.az\/index.php?rest_route=\/wp\/v2\/users\/2"}],"replies":[{"embeddable":true,"href":"https:\/\/ucnoqta.az\/index.php?rest_route=%2Fwp%2Fv2%2Fcomments&post=257109"}],"version-history":[{"count":0,"href":"https:\/\/ucnoqta.az\/index.php?rest_route=\/wp\/v2\/posts\/257109\/revisions"}],"wp:featuredmedia":[{"embeddable":true,"href":"https:\/\/ucnoqta.az\/index.php?rest_route=\/wp\/v2\/media\/257110"}],"wp:attachment":[{"href":"https:\/\/ucnoqta.az\/index.php?rest_route=%2Fwp%2Fv2%2Fmedia&parent=257109"}],"wp:term":[{"taxonomy":"category","embeddable":true,"href":"https:\/\/ucnoqta.az\/index.php?rest_route=%2Fwp%2Fv2%2Fcategories&post=257109"},{"taxonomy":"post_tag","embeddable":true,"href":"https:\/\/ucnoqta.az\/index.php?rest_route=%2Fwp%2Fv2%2Ftags&post=257109"}],"curies":[{"name":"wp","href":"https:\/\/api.w.org\/{rel}","templated":true}]}}