{"id":257091,"date":"2026-09-03T14:40:23","date_gmt":"2026-09-03T10:40:23","guid":{"rendered":"https:\/\/ucnoqta.az\/?p=257091"},"modified":"2026-09-03T14:40:23","modified_gmt":"2026-09-03T10:40:23","slug":"bu-s%c9%99xsl%c9%99rin-dovl%c9%99t-qulluqcusu-statusu-l%c9%99gv-edilir-s%c9%99r%c9%99ncam","status":"publish","type":"post","link":"https:\/\/ucnoqta.az\/?p=257091","title":{"rendered":"Bu \u015f\u0259xsl\u0259rin d\u00f6vl\u0259t qulluq\u00e7usu statusu l\u0259\u011fv edilir &#8211; <span style=\"color:red;\">S\u0259r\u0259ncam <\/span>"},"content":{"rendered":"<p><strong>\u018fqli M\u00fclkiyy\u0259t Agentliyi bir s\u0131ra \u0259m\u0259kda\u015flar\u0131n\u0131n d\u00f6vl\u0259t qulluq\u00e7usu statusu l\u0259\u011fv edil\u0259c\u0259k.<\/strong><\/p>\n<p>Ucnoqta.az x\u0259b\u0259r verir ki, bununla ba\u011fl\u0131 Ba\u015f nazir \u018fli \u018fs\u0259dov m\u00fcvafiq S\u0259r\u0259ncam imzalay\u0131b.<\/p>\n<p>S\u0259r\u0259ncama \u0259sas\u0259n, \u018fqli M\u00fclkiyy\u0259t Agentliyi \u018fdliyy\u0259 Nazirliyi, Maliyy\u0259 Nazirliyi v\u0259 icra prosesind\u0259 m\u00fc\u0259yy\u0259n edil\u0259c\u0259k dig\u0259r aidiyy\u0259ti d\u00f6vl\u0259t orqanlar\u0131 (d\u00f6vl\u0259tin h\u00fcquqi \u015f\u0259xsl\u0259ri) il\u0259 raz\u0131la\u015fd\u0131rmaqla, &#8220;D\u00f6vl\u0259t r\u00fcsumu haqq\u0131nda&#8221; Qanunda n\u0259z\u0259rd\u0259 tutulmu\u015f m\u00fcvafiq h\u00fcquqi faktlar\u0131n qeydiyyat\u0131 il\u0259 ba\u011fl\u0131 xidm\u0259tl\u0259r g\u00f6st\u0259r\u0259n (h\u00fcquqi h\u0259r\u0259k\u0259tl\u0259ri h\u0259yata ke\u00e7ir\u0259n) \u0259m\u0259kda\u015flar\u0131n\u0131n d\u00f6vl\u0259t qulluq\u00e7usu statusunun l\u0259\u011fvi il\u0259 ba\u011fl\u0131 t\u0259klifl\u0259rini iki ay m\u00fcdd\u0259tind\u0259 Nazirl\u0259r Kabinetin\u0259 t\u0259qdim etm\u0259lidir.<\/p>\n<p>Bu prosesin icras\u0131 Az\u0259rbaycan Respublikas\u0131 Nazirl\u0259r Kabineti Aparat\u0131n\u0131n H\u00fcquq v\u0259 qanunvericilik \u015f\u00f6b\u0259sin\u0259 h\u0259val\u0259 edilib.<\/p>\n<p>Qeyd ed\u0259k ki, S\u0259r\u0259ncam sentyabr\u0131n 1-d\u0259n q\u00fcvv\u0259y\u0259 minib.<\/p>\n","protected":false},"excerpt":{"rendered":"<p>\u018fqli M\u00fclkiyy\u0259t Agentliyi bir s\u0131ra \u0259m\u0259kda\u015flar\u0131n\u0131n d\u00f6vl\u0259t qulluq\u00e7usu statusu l\u0259\u011fv edil\u0259c\u0259k. Ucnoqta.az x\u0259b\u0259r verir ki, bununla ba\u011fl\u0131 Ba\u015f nazir \u018fli \u018fs\u0259dov m\u00fcvafiq S\u0259r\u0259ncam imzalay\u0131b. S\u0259r\u0259ncama \u0259sas\u0259n, \u018fqli M\u00fclkiyy\u0259t Agentliyi \u018fdliyy\u0259&hellip;<\/p>\n","protected":false},"author":2,"featured_media":257092,"comment_status":"closed","ping_status":"closed","sticky":false,"template":"","format":"standard","meta":{"_lmt_disableupdate":"","_lmt_disable":"","footnotes":""},"categories":[34],"tags":[],"class_list":["post-257091","post","type-post","status-publish","format-standard","has-post-thumbnail","hentry","category-butun-xeberler"],"_links":{"self":[{"href":"https:\/\/ucnoqta.az\/index.php?rest_route=\/wp\/v2\/posts\/257091","targetHints":{"allow":["GET"]}}],"collection":[{"href":"https:\/\/ucnoqta.az\/index.php?rest_route=\/wp\/v2\/posts"}],"about":[{"href":"https:\/\/ucnoqta.az\/index.php?rest_route=\/wp\/v2\/types\/post"}],"author":[{"embeddable":true,"href":"https:\/\/ucnoqta.az\/index.php?rest_route=\/wp\/v2\/users\/2"}],"replies":[{"embeddable":true,"href":"https:\/\/ucnoqta.az\/index.php?rest_route=%2Fwp%2Fv2%2Fcomments&post=257091"}],"version-history":[{"count":0,"href":"https:\/\/ucnoqta.az\/index.php?rest_route=\/wp\/v2\/posts\/257091\/revisions"}],"wp:featuredmedia":[{"embeddable":true,"href":"https:\/\/ucnoqta.az\/index.php?rest_route=\/wp\/v2\/media\/257092"}],"wp:attachment":[{"href":"https:\/\/ucnoqta.az\/index.php?rest_route=%2Fwp%2Fv2%2Fmedia&parent=257091"}],"wp:term":[{"taxonomy":"category","embeddable":true,"href":"https:\/\/ucnoqta.az\/index.php?rest_route=%2Fwp%2Fv2%2Fcategories&post=257091"},{"taxonomy":"post_tag","embeddable":true,"href":"https:\/\/ucnoqta.az\/index.php?rest_route=%2Fwp%2Fv2%2Ftags&post=257091"}],"curies":[{"name":"wp","href":"https:\/\/api.w.org\/{rel}","templated":true}]}}