{"id":257080,"date":"2026-09-03T13:37:38","date_gmt":"2026-09-03T09:37:38","guid":{"rendered":"https:\/\/ucnoqta.az\/?p=257080"},"modified":"2026-09-03T13:37:38","modified_gmt":"2026-09-03T09:37:38","slug":"polsa-xin-i-rusiya-s%c9%99firini-cagirdi","status":"publish","type":"post","link":"https:\/\/ucnoqta.az\/?p=257080","title":{"rendered":"Pol\u015fa X\u0130N-i Rusiya s\u0259firini \u00e7a\u011f\u0131rd\u0131"},"content":{"rendered":"<p class=\"isSelectedEnd\"><strong>Pol\u015fan\u0131n Xarici \u0130\u015fl\u0259r Nazirliyi Almaniya h\u00f6kum\u0259tinin Leypsiq hava liman\u0131nda ba\u015f ver\u0259n pilotsuz u\u00e7u\u015f aparat\u0131 (PUA) insidentin\u0259 g\u00f6r\u0259 Rusiyan\u0131 m\u0259sul tutmas\u0131ndan sonra Rusiyan\u0131n Var\u015favadak\u0131 s\u0259firi Georgi Mixnonu \u00e7a\u011f\u0131r\u0131b.<\/strong><\/p>\n<p class=\"isSelectedEnd\">Ucnoqta.az bildirir ki, bu bar\u0259d\u0259 Pol\u015fan\u0131n xarici i\u015fl\u0259r naziri Radek Sikorski m\u0259lumat verib.<\/p>\n<p class=\"isSelectedEnd\">\u201cPol\u015fa da Rusiyan\u0131n s\u0259firini \u00e7a\u011f\u0131raraq q\u0259ti etiraz\u0131n\u0131 bildirdi\u201d, \u2013 Sikorski Almaniya, Fransa v\u0259 Pol\u015fan\u0131n daxil oldu\u011fu Veymar \u00fc\u00e7buca\u011f\u0131 \u00f6lk\u0259l\u0259rinin xarici i\u015fl\u0259r nazirl\u0259rinin g\u00f6r\u00fc\u015f\u00fcnd\u0259n sonra bildirib.<\/p>\n","protected":false},"excerpt":{"rendered":"<p>Pol\u015fan\u0131n Xarici \u0130\u015fl\u0259r Nazirliyi Almaniya h\u00f6kum\u0259tinin Leypsiq hava liman\u0131nda ba\u015f ver\u0259n pilotsuz u\u00e7u\u015f aparat\u0131 (PUA) insidentin\u0259 g\u00f6r\u0259 Rusiyan\u0131 m\u0259sul tutmas\u0131ndan sonra Rusiyan\u0131n Var\u015favadak\u0131 s\u0259firi Georgi Mixnonu \u00e7a\u011f\u0131r\u0131b. Ucnoqta.az bildirir ki,&hellip;<\/p>\n","protected":false},"author":2,"featured_media":257081,"comment_status":"closed","ping_status":"closed","sticky":false,"template":"","format":"standard","meta":{"_lmt_disableupdate":"","_lmt_disable":"","footnotes":""},"categories":[34],"tags":[],"class_list":["post-257080","post","type-post","status-publish","format-standard","has-post-thumbnail","hentry","category-butun-xeberler"],"_links":{"self":[{"href":"https:\/\/ucnoqta.az\/index.php?rest_route=\/wp\/v2\/posts\/257080","targetHints":{"allow":["GET"]}}],"collection":[{"href":"https:\/\/ucnoqta.az\/index.php?rest_route=\/wp\/v2\/posts"}],"about":[{"href":"https:\/\/ucnoqta.az\/index.php?rest_route=\/wp\/v2\/types\/post"}],"author":[{"embeddable":true,"href":"https:\/\/ucnoqta.az\/index.php?rest_route=\/wp\/v2\/users\/2"}],"replies":[{"embeddable":true,"href":"https:\/\/ucnoqta.az\/index.php?rest_route=%2Fwp%2Fv2%2Fcomments&post=257080"}],"version-history":[{"count":0,"href":"https:\/\/ucnoqta.az\/index.php?rest_route=\/wp\/v2\/posts\/257080\/revisions"}],"wp:featuredmedia":[{"embeddable":true,"href":"https:\/\/ucnoqta.az\/index.php?rest_route=\/wp\/v2\/media\/257081"}],"wp:attachment":[{"href":"https:\/\/ucnoqta.az\/index.php?rest_route=%2Fwp%2Fv2%2Fmedia&parent=257080"}],"wp:term":[{"taxonomy":"category","embeddable":true,"href":"https:\/\/ucnoqta.az\/index.php?rest_route=%2Fwp%2Fv2%2Fcategories&post=257080"},{"taxonomy":"post_tag","embeddable":true,"href":"https:\/\/ucnoqta.az\/index.php?rest_route=%2Fwp%2Fv2%2Ftags&post=257080"}],"curies":[{"name":"wp","href":"https:\/\/api.w.org\/{rel}","templated":true}]}}