{"id":257077,"date":"2026-09-03T13:26:45","date_gmt":"2026-09-03T09:26:45","guid":{"rendered":"https:\/\/ucnoqta.az\/?p=257077"},"modified":"2026-09-03T13:26:45","modified_gmt":"2026-09-03T09:26:45","slug":"isvecd%c9%99-cinay%c9%99tkar-qruplasmalarda-istirak-c%c9%99zalandirilacaq","status":"publish","type":"post","link":"https:\/\/ucnoqta.az\/?p=257077","title":{"rendered":"\u0130sve\u00e7d\u0259 cinay\u0259tkar qrupla\u015fmalarda i\u015ftirak c\u0259zaland\u0131r\u0131lacaq"},"content":{"rendered":"<p class=\"isSelectedEnd\"><strong>\u0130sve\u00e7 h\u00f6kum\u0259ti m\u00fct\u0259\u015f\u0259kkil cinay\u0259tkar qrupla\u015fmalarda i\u015ftirak\u0131n cinay\u0259t \u0259m\u0259li kimi tan\u0131nmas\u0131n\u0131, \u0259n a\u011f\u0131r hallarda is\u0259 qrupla\u015fma liderl\u0259rin\u0259 \u00f6m\u00fcrl\u00fck h\u0259bs c\u0259zas\u0131n\u0131n t\u0259tbiq edilm\u0259sini n\u0259z\u0259rd\u0259 tutan qanun layih\u0259si haz\u0131rlay\u0131b.<\/strong><\/p>\n<p class=\"isSelectedEnd\">Ucnoqta.az bildirir ki, bu bar\u0259d\u0259 \u00f6lk\u0259nin Ba\u015f naziri Ulf Kristersson m\u0259tbuat konfrans\u0131nda m\u0259lumat verib.<\/p>\n<p class=\"isSelectedEnd\">Qanun layih\u0259sinin 2027-ci il aprelin 1-d\u0259n q\u00fcvv\u0259y\u0259 minm\u0259si n\u0259z\u0259rd\u0259 tutulur. Yeni c\u0259za \u015fkalas\u0131na \u0259sas\u0259n, cinay\u0259tkar qrupla\u015fmaya sad\u0259c\u0259 \u00fczvl\u00fck 4 il\u0259d\u0259k, a\u011f\u0131rla\u015fd\u0131r\u0131c\u0131 hallarda i\u015ftirak 2 ild\u0259n 8 il\u0259d\u0259k azadl\u0131qdan m\u0259hrumetm\u0259 il\u0259 c\u0259zaland\u0131r\u0131lacaq. Qrupla\u015fma liderl\u0259ri is\u0259 2 ild\u0259n 18 il\u0259d\u0259k h\u0259bs v\u0259 ya \u00f6m\u00fcrl\u00fck h\u0259bs c\u0259zas\u0131na m\u0259hkum edil\u0259 bil\u0259c\u0259kl\u0259r.<\/p>\n<p class=\"isSelectedEnd\">Yeni qanun cinay\u0259tl\u0259rin icra\u00e7\u0131lar\u0131na, onlar\u0131n \u0259lbir v\u0259 k\u00f6m\u0259k\u00e7il\u0259rin\u0259, h\u0259m\u00e7inin cinay\u0259tkar birlikl\u0259rin r\u0259hb\u0259rl\u0259rin\u0259 \u015famil olunacaq.<\/p>\n<p>Qanun layih\u0259sind\u0259 cinay\u0259tkar qrupla\u015fma ikid\u0259n \u00e7ox \u015f\u0259xsin uzun m\u00fcdd\u0259t \u0259rzind\u0259 iqtisadi v\u0259 ya dig\u0259r qanunsuz fayda \u0259ld\u0259 etm\u0259k m\u0259qs\u0259dil\u0259 cinay\u0259t f\u0259aliyy\u0259ti il\u0259 m\u0259\u015f\u011ful oldu\u011fu v\u0259 ya bel\u0259 f\u0259aliyy\u0259t\u0259 yard\u0131m etdiyi qrup kimi m\u00fc\u0259yy\u0259nl\u0259\u015fdirilir.<\/p>\n","protected":false},"excerpt":{"rendered":"<p>\u0130sve\u00e7 h\u00f6kum\u0259ti m\u00fct\u0259\u015f\u0259kkil cinay\u0259tkar qrupla\u015fmalarda i\u015ftirak\u0131n cinay\u0259t \u0259m\u0259li kimi tan\u0131nmas\u0131n\u0131, \u0259n a\u011f\u0131r hallarda is\u0259 qrupla\u015fma liderl\u0259rin\u0259 \u00f6m\u00fcrl\u00fck h\u0259bs c\u0259zas\u0131n\u0131n t\u0259tbiq edilm\u0259sini n\u0259z\u0259rd\u0259 tutan qanun layih\u0259si haz\u0131rlay\u0131b. Ucnoqta.az bildirir ki, bu&hellip;<\/p>\n","protected":false},"author":2,"featured_media":257078,"comment_status":"closed","ping_status":"closed","sticky":false,"template":"","format":"standard","meta":{"_lmt_disableupdate":"","_lmt_disable":"","footnotes":""},"categories":[89],"tags":[],"class_list":["post-257077","post","type-post","status-publish","format-standard","has-post-thumbnail","hentry","category-dunya-butun-xeberler"],"_links":{"self":[{"href":"https:\/\/ucnoqta.az\/index.php?rest_route=\/wp\/v2\/posts\/257077","targetHints":{"allow":["GET"]}}],"collection":[{"href":"https:\/\/ucnoqta.az\/index.php?rest_route=\/wp\/v2\/posts"}],"about":[{"href":"https:\/\/ucnoqta.az\/index.php?rest_route=\/wp\/v2\/types\/post"}],"author":[{"embeddable":true,"href":"https:\/\/ucnoqta.az\/index.php?rest_route=\/wp\/v2\/users\/2"}],"replies":[{"embeddable":true,"href":"https:\/\/ucnoqta.az\/index.php?rest_route=%2Fwp%2Fv2%2Fcomments&post=257077"}],"version-history":[{"count":0,"href":"https:\/\/ucnoqta.az\/index.php?rest_route=\/wp\/v2\/posts\/257077\/revisions"}],"wp:featuredmedia":[{"embeddable":true,"href":"https:\/\/ucnoqta.az\/index.php?rest_route=\/wp\/v2\/media\/257078"}],"wp:attachment":[{"href":"https:\/\/ucnoqta.az\/index.php?rest_route=%2Fwp%2Fv2%2Fmedia&parent=257077"}],"wp:term":[{"taxonomy":"category","embeddable":true,"href":"https:\/\/ucnoqta.az\/index.php?rest_route=%2Fwp%2Fv2%2Fcategories&post=257077"},{"taxonomy":"post_tag","embeddable":true,"href":"https:\/\/ucnoqta.az\/index.php?rest_route=%2Fwp%2Fv2%2Ftags&post=257077"}],"curies":[{"name":"wp","href":"https:\/\/api.w.org\/{rel}","templated":true}]}}