{"id":257072,"date":"2026-09-03T13:03:15","date_gmt":"2026-09-03T09:03:15","guid":{"rendered":"https:\/\/ucnoqta.az\/?p=257072"},"modified":"2026-09-03T13:03:15","modified_gmt":"2026-09-03T09:03:15","slug":"erm%c9%99nistan-v%c9%99-rusiya-raziliga-g%c9%99lib-pasinyan","status":"publish","type":"post","link":"https:\/\/ucnoqta.az\/?p=257072","title":{"rendered":"Erm\u0259nistan v\u0259 Rusiya raz\u0131l\u0131\u011fa g\u0259lib &#8211; Pa\u015finyan"},"content":{"rendered":"<p class=\"isSelectedEnd\"><strong>Erm\u0259nistan\u0131n Ba\u015f naziri Nikol Pa\u015finyan bildirib ki, Bi\u015fkekd\u0259 Rusiya Prezidenti Vladimir Putinl\u0259 g\u00f6r\u00fc\u015f\u00fc zaman\u0131 Erm\u0259nistan-Rusiya m\u00fcnasib\u0259tl\u0259rinin \u201cinventarla\u015fd\u0131r\u0131lmas\u0131\u201d bar\u0259d\u0259 raz\u0131l\u0131\u011fa g\u0259lib.<\/strong><\/p>\n<p>Ucnoqta.az x\u0259b\u0259r verir ki, Pa\u015finyan jurnalistl\u0259r\u0259 brifinq zaman\u0131 deyib.<br \/>\n\u201cBel\u0259 bir fikir yarand\u0131 ki, Erm\u0259nistan-Rusiya m\u00fcnasib\u0259tl\u0259rini inventarla\u015fd\u0131rmal\u0131y\u0131q. Bunun praktikada n\u0259 dem\u0259k oldu\u011funu, y\u0259ni bu ba\u015fl\u0131q alt\u0131nda hans\u0131 alt m\u00f6vzular\u0131n oldu\u011funu m\u00fc\u0259yy\u0259nl\u0259\u015fdirm\u0259liyik. Hans\u0131 m\u0259s\u0259l\u0259l\u0259rd\u0259 eyni m\u00f6vqed\u0259 oldu\u011fumuzu, hans\u0131larda f\u0259rqli m\u00f6vqel\u0259rimizin oldu\u011funu, hans\u0131 m\u0259s\u0259l\u0259l\u0259r\u0259 m\u00fcsb\u0259t, hans\u0131lara is\u0259 birm\u0259nal\u0131 olmayan m\u00fcnasib\u0259t b\u0259sl\u0259diyimizi ayd\u0131nla\u015fd\u0131rmal\u0131y\u0131q\u201d, \u2013 Ba\u015f nazir qeyd edib.<\/p>\n","protected":false},"excerpt":{"rendered":"<p>Erm\u0259nistan\u0131n Ba\u015f naziri Nikol Pa\u015finyan bildirib ki, Bi\u015fkekd\u0259 Rusiya Prezidenti Vladimir Putinl\u0259 g\u00f6r\u00fc\u015f\u00fc zaman\u0131 Erm\u0259nistan-Rusiya m\u00fcnasib\u0259tl\u0259rinin \u201cinventarla\u015fd\u0131r\u0131lmas\u0131\u201d bar\u0259d\u0259 raz\u0131l\u0131\u011fa g\u0259lib. Ucnoqta.az x\u0259b\u0259r verir ki, Pa\u015finyan jurnalistl\u0259r\u0259 brifinq zaman\u0131 deyib. \u201cBel\u0259&hellip;<\/p>\n","protected":false},"author":2,"featured_media":253275,"comment_status":"closed","ping_status":"closed","sticky":false,"template":"","format":"standard","meta":{"_lmt_disableupdate":"","_lmt_disable":"","footnotes":""},"categories":[89],"tags":[],"class_list":["post-257072","post","type-post","status-publish","format-standard","has-post-thumbnail","hentry","category-dunya-butun-xeberler"],"_links":{"self":[{"href":"https:\/\/ucnoqta.az\/index.php?rest_route=\/wp\/v2\/posts\/257072","targetHints":{"allow":["GET"]}}],"collection":[{"href":"https:\/\/ucnoqta.az\/index.php?rest_route=\/wp\/v2\/posts"}],"about":[{"href":"https:\/\/ucnoqta.az\/index.php?rest_route=\/wp\/v2\/types\/post"}],"author":[{"embeddable":true,"href":"https:\/\/ucnoqta.az\/index.php?rest_route=\/wp\/v2\/users\/2"}],"replies":[{"embeddable":true,"href":"https:\/\/ucnoqta.az\/index.php?rest_route=%2Fwp%2Fv2%2Fcomments&post=257072"}],"version-history":[{"count":0,"href":"https:\/\/ucnoqta.az\/index.php?rest_route=\/wp\/v2\/posts\/257072\/revisions"}],"wp:featuredmedia":[{"embeddable":true,"href":"https:\/\/ucnoqta.az\/index.php?rest_route=\/wp\/v2\/media\/253275"}],"wp:attachment":[{"href":"https:\/\/ucnoqta.az\/index.php?rest_route=%2Fwp%2Fv2%2Fmedia&parent=257072"}],"wp:term":[{"taxonomy":"category","embeddable":true,"href":"https:\/\/ucnoqta.az\/index.php?rest_route=%2Fwp%2Fv2%2Fcategories&post=257072"},{"taxonomy":"post_tag","embeddable":true,"href":"https:\/\/ucnoqta.az\/index.php?rest_route=%2Fwp%2Fv2%2Ftags&post=257072"}],"curies":[{"name":"wp","href":"https:\/\/api.w.org\/{rel}","templated":true}]}}