{"id":257070,"date":"2026-09-03T12:28:51","date_gmt":"2026-09-03T08:28:51","guid":{"rendered":"https:\/\/ucnoqta.az\/?p=257070"},"modified":"2026-09-03T12:28:51","modified_gmt":"2026-09-03T08:28:51","slug":"sabah-33-d%c9%99k-isti-olacaq-proqnoz","status":"publish","type":"post","link":"https:\/\/ucnoqta.az\/?p=257070","title":{"rendered":"Sabah 33\u00b0-d\u0259k isti olacaq &#8211; <span style=\"color:red;\">PROQNOZ <\/span>"},"content":{"rendered":"<p><strong>Az\u0259rbaycanda sentyabr\u0131n 4-d\u0259 g\u00f6zl\u0259nil\u0259n hava \u015f\u0259raiti a\u00e7\u0131qlan\u0131b.<\/strong><\/p>\n<p>Bu bar\u0259d\u0259 Ucnoqta.az-a Milli Hidrometeorologiya Xidm\u0259tind\u0259n m\u0259lumat verilib.<\/p>\n<p>Bildirilib ki, Bak\u0131da v\u0259 Ab\u015feron yar\u0131madas\u0131nda hava \u015f\u0259raitinin d\u0259yi\u015fk\u0259n buludlu olaca\u011f\u0131, \u0259sas\u0259n ya\u011fmursuz ke\u00e7\u0259c\u0259yi g\u00f6zl\u0259nilir. M\u00fclayim c\u0259nub-\u015f\u0259rq k\u00fcl\u0259yi \u0259s\u0259c\u0259k. Havan\u0131n temperaturu gec\u0259 20-23\u00b0 isti, g\u00fcnd\u00fcz 26-30\u00b0 isti olacaq. Atmosfer t\u0259zyiqi 761 mm civ\u0259 s\u00fctunu t\u0259\u015fkil ed\u0259c\u0259k. Nisbi r\u00fctub\u0259t gec\u0259 70-75 %, g\u00fcnd\u00fcz 45-50 % olacaq.<\/p>\n<p>Az\u0259rbaycan\u0131n rayonlar\u0131nda hava \u015f\u0259raitinin \u0259sas\u0259n ya\u011fmursuz olaca\u011f\u0131 g\u00f6zl\u0259nilir. Lakin g\u00fcnd\u00fcz b\u0259zi da\u011fl\u0131q \u0259razil\u0259rd\u0259 q\u0131sam\u00fcdd\u0259tli az ya\u011f\u0131\u015f ya\u011faca\u011f\u0131, \u015fim\u015f\u0259k \u00e7axaca\u011f\u0131 ehtimal\u0131 var. Gec\u0259 v\u0259 s\u0259h\u0259r b\u0259zi da\u011fl\u0131q \u0259razil\u0259rd\u0259 arabir duman. M\u00fclayim \u015f\u0259rq k\u00fcl\u0259yi \u0259s\u0259c\u0259k.<\/p>\n<p>Havan\u0131n temperaturu gec\u0259 16-21\u00b0 isti, g\u00fcnd\u00fcz 28-33\u00b0 isti, da\u011flarda gec\u0259 10-15\u00b0 isti, g\u00fcnd\u00fcz 19-24\u00b0 isti olacaq.<\/p>\n","protected":false},"excerpt":{"rendered":"<p>Az\u0259rbaycanda sentyabr\u0131n 4-d\u0259 g\u00f6zl\u0259nil\u0259n hava \u015f\u0259raiti a\u00e7\u0131qlan\u0131b. Bu bar\u0259d\u0259 Ucnoqta.az-a Milli Hidrometeorologiya Xidm\u0259tind\u0259n m\u0259lumat verilib. Bildirilib ki, Bak\u0131da v\u0259 Ab\u015feron yar\u0131madas\u0131nda hava \u015f\u0259raitinin d\u0259yi\u015fk\u0259n buludlu olaca\u011f\u0131, \u0259sas\u0259n ya\u011fmursuz ke\u00e7\u0259c\u0259yi g\u00f6zl\u0259nilir.&hellip;<\/p>\n","protected":false},"author":2,"featured_media":250547,"comment_status":"closed","ping_status":"closed","sticky":false,"template":"","format":"standard","meta":{"_lmt_disableupdate":"","_lmt_disable":"","footnotes":""},"categories":[91],"tags":[],"class_list":["post-257070","post","type-post","status-publish","format-standard","has-post-thumbnail","hentry","category-olkeici"],"_links":{"self":[{"href":"https:\/\/ucnoqta.az\/index.php?rest_route=\/wp\/v2\/posts\/257070","targetHints":{"allow":["GET"]}}],"collection":[{"href":"https:\/\/ucnoqta.az\/index.php?rest_route=\/wp\/v2\/posts"}],"about":[{"href":"https:\/\/ucnoqta.az\/index.php?rest_route=\/wp\/v2\/types\/post"}],"author":[{"embeddable":true,"href":"https:\/\/ucnoqta.az\/index.php?rest_route=\/wp\/v2\/users\/2"}],"replies":[{"embeddable":true,"href":"https:\/\/ucnoqta.az\/index.php?rest_route=%2Fwp%2Fv2%2Fcomments&post=257070"}],"version-history":[{"count":0,"href":"https:\/\/ucnoqta.az\/index.php?rest_route=\/wp\/v2\/posts\/257070\/revisions"}],"wp:featuredmedia":[{"embeddable":true,"href":"https:\/\/ucnoqta.az\/index.php?rest_route=\/wp\/v2\/media\/250547"}],"wp:attachment":[{"href":"https:\/\/ucnoqta.az\/index.php?rest_route=%2Fwp%2Fv2%2Fmedia&parent=257070"}],"wp:term":[{"taxonomy":"category","embeddable":true,"href":"https:\/\/ucnoqta.az\/index.php?rest_route=%2Fwp%2Fv2%2Fcategories&post=257070"},{"taxonomy":"post_tag","embeddable":true,"href":"https:\/\/ucnoqta.az\/index.php?rest_route=%2Fwp%2Fv2%2Ftags&post=257070"}],"curies":[{"name":"wp","href":"https:\/\/api.w.org\/{rel}","templated":true}]}}