{"id":257063,"date":"2026-09-03T11:43:00","date_gmt":"2026-09-03T07:43:00","guid":{"rendered":"https:\/\/ucnoqta.az\/?p=257063"},"modified":"2026-09-03T11:43:00","modified_gmt":"2026-09-03T07:43:00","slug":"istilik-leysan-dolu-v%c9%99-guclu-kul%c9%99k-span-stylecolorredavqustun-hava-m%c9%99nz%c9%99r%c9%99si","status":"publish","type":"post","link":"https:\/\/ucnoqta.az\/?p=257063","title":{"rendered":"\u0130stilik, leysan, dolu v\u0259 g\u00fccl\u00fc k\u00fcl\u0259k &#8211; span style=&#8221;color:red;&#8221;>Avqustun hava m\u0259nz\u0259r\u0259si< <\/span>"},"content":{"rendered":"<p><strong>Avqust ay\u0131nda \u00f6lk\u0259 \u0259razisind\u0259 m\u00fc\u015fahid\u0259 olunan hava a\u00e7\u0131qlan\u0131b.<\/strong><\/p>\n<p>Milli Hidrometeorologiya Xidm\u0259tind\u0259n veril\u0259n m\u0259lumata \u0259sas\u0259n, 2026-c\u0131 ilin avqust ay\u0131nda Bak\u0131 v\u0259 Ab\u015feron yar\u0131madas\u0131nda havan\u0131n temperaturu iqlim normas\u0131 il\u0259 m\u00fcqayis\u0259d\u0259 27 g\u00fcn normadan yuxar\u0131 (0\u20135 d\u0259r\u0259c\u0259), 4 g\u00fcn is\u0259 normadan a\u015fa\u011f\u0131 (0\u20133 d\u0259r\u0259c\u0259) olub.<\/p>\n<p>Orta ayl\u0131q temperatur 28 d\u0259r\u0259c\u0259 isti olub ki, bu da iqlim normas\u0131ndan 2 d\u0259r\u0259c\u0259 yuxar\u0131d\u0131r.<\/p>\n<p>Bak\u0131 v\u0259 Ab\u015feron yar\u0131madas\u0131nda avqust ay\u0131nda maksimal temperatur avqustun 9-da 39 d\u0259r\u0259c\u0259 isti (Ma\u015fta\u011fa), b\u00f6lg\u0259l\u0259rd\u0259 is\u0259 avqustun 9-u v\u0259 10-da 40 d\u0259r\u0259c\u0259 isti (K\u00fcrd\u0259mir) qeyd\u0259 al\u0131n\u0131b. Havan\u0131n minimal temperaturu Bak\u0131 v\u0259 Ab\u015feron yar\u0131madas\u0131nda avqustun 31-d\u0259 19 d\u0259r\u0259c\u0259 isti (Sumqay\u0131t), y\u00fcks\u0259k da\u011fl\u0131q \u0259razil\u0259rd\u0259 is\u0259 avqustun 30-da 6 d\u0259r\u0259c\u0259 isti (\u015eahda\u011f) olub.<\/p>\n<p>Avqust ay\u0131n\u0131n b\u0259zi g\u00fcnl\u0259rind\u0259 hava \u015f\u0259raiti fasil\u0259l\u0259rl\u0259 ya\u011f\u0131nt\u0131l\u0131 ke\u00e7ib, \u015fim\u015f\u0259k \u00e7ax\u0131b, dolu d\u00fc\u015f\u00fcb. B\u0259zi yerl\u0259rd\u0259 ya\u011f\u0131nt\u0131lar intensiv v\u0259 g\u00fccl\u00fc olub. \u018fn \u00e7ox ya\u011f\u0131nt\u0131 b\u00f6lg\u0259l\u0259r \u00fczr\u0259 ayl\u0131q norman\u0131n 381 faizi olmaqla Quba &#8211; Qusar zonas\u0131na (\u015eahda\u011f &#8211; 250 mm) v\u0259 ayl\u0131q norman\u0131n 305 &#8211; 617 faizi olmaqla Bak\u0131 v\u0259 Ab\u015feron yar\u0131madas\u0131na (Bak\u0131 &#8211; 19 mm, \u00c7ilov adas\u0131 &#8211; 26 mm) d\u00fc\u015f\u00fcb.<\/p>\n<p>Avqust ay\u0131 \u0259rzind\u0259 K\u0259lb\u0259c\u0259r rayonunun m\u0259rk\u0259zin\u0259 v\u0259 \u0130stisu q\u0259s\u0259b\u0259sinin Alag\u00f6ll\u0259r \u0259razisin\u0259 dolu, o c\u00fcml\u0259d\u0259n Bak\u0131 v\u0259 Ab\u015feron yar\u0131madas\u0131n\u0131n \u015f\u0259h\u0259r\u0259traf\u0131 \u0259razil\u0259rind\u0259 intensiv leysan ya\u011f\u0131\u015fla b\u0259rab\u0259r x\u0131rda d\u0259n\u0259li dolu m\u00fc\u015fahid\u0259 olunub.<\/p>\n<p>Avqust ay\u0131n\u0131n b\u0259zi g\u00fcnl\u0259rind\u0259 k\u00fcl\u0259kli hava \u015f\u0259raiti il\u0259 \u0259laq\u0259dar 10 sar\u0131 v\u0259 nar\u0131nc\u0131 x\u0259b\u0259rdarl\u0131q verilib. Bak\u0131 v\u0259 Ab\u015feron yar\u0131madas\u0131nda 12 g\u00fcn, b\u00f6lg\u0259l\u0259rd\u0259 is\u0259 28 g\u00fcn k\u00fcl\u0259kli hava \u015f\u0259raiti m\u00fc\u015fahid\u0259 olunub. K\u00fcl\u0259yin maksimal s\u00fcr\u0259ti Bak\u0131 v\u0259 Ab\u015feron yar\u0131madas\u0131nda 23 m\/s, b\u00f6lg\u0259l\u0259rd\u0259 is\u0259 24 m\/s-\u0259 \u00e7at\u0131b.<\/p>\n","protected":false},"excerpt":{"rendered":"<p>Avqust ay\u0131nda \u00f6lk\u0259 \u0259razisind\u0259 m\u00fc\u015fahid\u0259 olunan hava a\u00e7\u0131qlan\u0131b. Milli Hidrometeorologiya Xidm\u0259tind\u0259n veril\u0259n m\u0259lumata \u0259sas\u0259n, 2026-c\u0131 ilin avqust ay\u0131nda Bak\u0131 v\u0259 Ab\u015feron yar\u0131madas\u0131nda havan\u0131n temperaturu iqlim normas\u0131 il\u0259 m\u00fcqayis\u0259d\u0259 27 g\u00fcn&hellip;<\/p>\n","protected":false},"author":2,"featured_media":254728,"comment_status":"closed","ping_status":"closed","sticky":false,"template":"","format":"standard","meta":{"_lmt_disableupdate":"","_lmt_disable":"","footnotes":""},"categories":[91],"tags":[],"class_list":["post-257063","post","type-post","status-publish","format-standard","has-post-thumbnail","hentry","category-olkeici"],"_links":{"self":[{"href":"https:\/\/ucnoqta.az\/index.php?rest_route=\/wp\/v2\/posts\/257063","targetHints":{"allow":["GET"]}}],"collection":[{"href":"https:\/\/ucnoqta.az\/index.php?rest_route=\/wp\/v2\/posts"}],"about":[{"href":"https:\/\/ucnoqta.az\/index.php?rest_route=\/wp\/v2\/types\/post"}],"author":[{"embeddable":true,"href":"https:\/\/ucnoqta.az\/index.php?rest_route=\/wp\/v2\/users\/2"}],"replies":[{"embeddable":true,"href":"https:\/\/ucnoqta.az\/index.php?rest_route=%2Fwp%2Fv2%2Fcomments&post=257063"}],"version-history":[{"count":0,"href":"https:\/\/ucnoqta.az\/index.php?rest_route=\/wp\/v2\/posts\/257063\/revisions"}],"wp:featuredmedia":[{"embeddable":true,"href":"https:\/\/ucnoqta.az\/index.php?rest_route=\/wp\/v2\/media\/254728"}],"wp:attachment":[{"href":"https:\/\/ucnoqta.az\/index.php?rest_route=%2Fwp%2Fv2%2Fmedia&parent=257063"}],"wp:term":[{"taxonomy":"category","embeddable":true,"href":"https:\/\/ucnoqta.az\/index.php?rest_route=%2Fwp%2Fv2%2Fcategories&post=257063"},{"taxonomy":"post_tag","embeddable":true,"href":"https:\/\/ucnoqta.az\/index.php?rest_route=%2Fwp%2Fv2%2Ftags&post=257063"}],"curies":[{"name":"wp","href":"https:\/\/api.w.org\/{rel}","templated":true}]}}