{"id":257031,"date":"2026-09-03T09:08:46","date_gmt":"2026-09-03T05:08:46","guid":{"rendered":"https:\/\/ucnoqta.az\/?p=257031"},"modified":"2026-09-03T09:08:46","modified_gmt":"2026-09-03T05:08:46","slug":"abs-m%c9%99hk%c9%99m%c9%99si-trampin-s%c9%99r%c9%99ncamini-muv%c9%99qq%c9%99ti-dayandirib","status":"publish","type":"post","link":"https:\/\/ucnoqta.az\/?p=257031","title":{"rendered":"AB\u015e m\u0259hk\u0259m\u0259si Tramp\u0131n s\u0259r\u0259ncam\u0131n\u0131 m\u00fcv\u0259qq\u0259ti dayand\u0131r\u0131b"},"content":{"rendered":"<p>AB\u015e-\u0131n Merilend \u015ftat\u0131nda federal dair\u0259 m\u0259hk\u0259m\u0259si \u00e7\u0259r\u015f\u0259nb\u0259 g\u00fcn\u00fc prezident Donald Tramp\u0131n \u00f6lk\u0259d\u0259 \u201cdo\u011fu\u015f turizmi\u201dni qada\u011fan etm\u0259y\u0259 y\u00f6n\u0259lmi\u015f s\u0259r\u0259ncam\u0131n\u0131n icras\u0131n\u0131 m\u00fcv\u0259qq\u0259ti dayand\u0131r\u0131b.<\/p>\n<p>Ucnoqta.az x\u0259b\u0259r verir ki, m\u0259hk\u0259m\u0259nin q\u0259rar\u0131na \u0259sas\u0259n, Va\u015finqton administrasiyas\u0131 s\u0259r\u0259ncam\u0131n bir s\u0131ra \u0259sas m\u00fcdd\u0259alar\u0131n\u0131n icras\u0131 il\u0259 ba\u011fl\u0131 h\u0259l\u0259lik t\u0259dbir g\u00f6r\u0259 bilm\u0259z.<\/p>\n<p>Tramp s\u0259r\u0259ncam\u0131 avqustun \u0259vv\u0259lind\u0259 imzalay\u0131b. S\u0259n\u0259d AB\u015e-a \u00f6vlad\u0131n\u0131 d\u00fcnyaya g\u0259tirm\u0259k v\u0259 bununla u\u015fa\u011f\u0131n avtomatik olaraq AB\u015e v\u0259t\u0259nda\u015fl\u0131\u011f\u0131 \u0259ld\u0259 etm\u0259sini t\u0259min etm\u0259k m\u0259qs\u0259dil\u0259 g\u0259l\u0259n xarici v\u0259t\u0259nda\u015flar\u0131n qar\u015f\u0131s\u0131n\u0131 alma\u011fa y\u00f6n\u0259lib.<\/p>\n<p>M\u0259hk\u0259m\u0259nin q\u0259rar\u0131 yekun deyil v\u0259 i\u015f \u00fczr\u0259 ara\u015fd\u0131rmalar davam edir. Proses miqrantlar\u0131n h\u00fcquqlar\u0131n\u0131 m\u00fcdafi\u0259 ed\u0259n t\u0259\u015fkilatlar\u0131n qald\u0131rd\u0131\u011f\u0131 iddia \u0259sas\u0131nda ba\u015flan\u0131b.<\/p>\n<p>Merilend federal m\u0259hk\u0259m\u0259si hesab edib ki, Tramp\u0131n s\u00f6z\u00fcged\u0259n s\u0259r\u0259ncam\u0131 AB\u015e Ali M\u0259hk\u0259m\u0259sinin \u0259vv\u0259lki q\u0259rar\u0131 il\u0259 ziddiyy\u0259t t\u0259\u015fkil edir.<\/p>\n<p>S\u0259r\u0259ncama \u0259sas\u0259n, AB\u015e-da qanunsuz ya\u015fayan valideynl\u0259rin \u00f6vladlar\u0131na, el\u0259c\u0259 d\u0259 anas\u0131 \u00f6lk\u0259y\u0259 m\u00fcv\u0259qq\u0259ti \u0259saslarla, o c\u00fcml\u0259d\u0259n vizas\u0131z rejim, t\u0259hsil, i\u015f v\u0259 ya turist vizas\u0131 il\u0259 daxil olan v\u0259 atas\u0131 AB\u015e v\u0259t\u0259nda\u015f\u0131 v\u0259 ya daimi ya\u015fay\u0131\u015f icaz\u0259si sahibi olmayan u\u015faqlara do\u011fum yolu il\u0259 v\u0259t\u0259nda\u015fl\u0131q verilm\u0259sinin qar\u015f\u0131s\u0131n\u0131n al\u0131nmas\u0131 n\u0259z\u0259rd\u0259 tutulurdu.<\/p>\n","protected":false},"excerpt":{"rendered":"<p>AB\u015e-\u0131n Merilend \u015ftat\u0131nda federal dair\u0259 m\u0259hk\u0259m\u0259si \u00e7\u0259r\u015f\u0259nb\u0259 g\u00fcn\u00fc prezident Donald Tramp\u0131n \u00f6lk\u0259d\u0259 \u201cdo\u011fu\u015f turizmi\u201dni qada\u011fan etm\u0259y\u0259 y\u00f6n\u0259lmi\u015f s\u0259r\u0259ncam\u0131n\u0131n icras\u0131n\u0131 m\u00fcv\u0259qq\u0259ti dayand\u0131r\u0131b. Ucnoqta.az x\u0259b\u0259r verir ki, m\u0259hk\u0259m\u0259nin q\u0259rar\u0131na \u0259sas\u0259n, Va\u015finqton administrasiyas\u0131&hellip;<\/p>\n","protected":false},"author":2,"featured_media":251160,"comment_status":"closed","ping_status":"closed","sticky":false,"template":"","format":"standard","meta":{"_lmt_disableupdate":"","_lmt_disable":"","footnotes":""},"categories":[34],"tags":[],"class_list":["post-257031","post","type-post","status-publish","format-standard","has-post-thumbnail","hentry","category-butun-xeberler"],"_links":{"self":[{"href":"https:\/\/ucnoqta.az\/index.php?rest_route=\/wp\/v2\/posts\/257031","targetHints":{"allow":["GET"]}}],"collection":[{"href":"https:\/\/ucnoqta.az\/index.php?rest_route=\/wp\/v2\/posts"}],"about":[{"href":"https:\/\/ucnoqta.az\/index.php?rest_route=\/wp\/v2\/types\/post"}],"author":[{"embeddable":true,"href":"https:\/\/ucnoqta.az\/index.php?rest_route=\/wp\/v2\/users\/2"}],"replies":[{"embeddable":true,"href":"https:\/\/ucnoqta.az\/index.php?rest_route=%2Fwp%2Fv2%2Fcomments&post=257031"}],"version-history":[{"count":0,"href":"https:\/\/ucnoqta.az\/index.php?rest_route=\/wp\/v2\/posts\/257031\/revisions"}],"wp:featuredmedia":[{"embeddable":true,"href":"https:\/\/ucnoqta.az\/index.php?rest_route=\/wp\/v2\/media\/251160"}],"wp:attachment":[{"href":"https:\/\/ucnoqta.az\/index.php?rest_route=%2Fwp%2Fv2%2Fmedia&parent=257031"}],"wp:term":[{"taxonomy":"category","embeddable":true,"href":"https:\/\/ucnoqta.az\/index.php?rest_route=%2Fwp%2Fv2%2Fcategories&post=257031"},{"taxonomy":"post_tag","embeddable":true,"href":"https:\/\/ucnoqta.az\/index.php?rest_route=%2Fwp%2Fv2%2Ftags&post=257031"}],"curies":[{"name":"wp","href":"https:\/\/api.w.org\/{rel}","templated":true}]}}