{"id":257006,"date":"2026-09-03T00:26:46","date_gmt":"2026-09-02T20:26:46","guid":{"rendered":"https:\/\/ucnoqta.az\/?p=257006"},"modified":"2026-09-03T00:07:39","modified_gmt":"2026-09-02T20:07:39","slug":"britaniyada-son-140-ilin-%c9%99n-isti-yayi-yasanib","status":"publish","type":"post","link":"https:\/\/ucnoqta.az\/?p=257006","title":{"rendered":"Britaniyada son 140 ilin \u0259n isti yay\u0131 ya\u015fan\u0131b"},"content":{"rendered":"<p><strong>B\u00f6y\u00fck Britaniyada 1884-c\u00fc ild\u0259n etibar\u0259n apar\u0131lan m\u00fc\u015fahid\u0259l\u0259r tarixind\u0259 \u0259n isti yay bu il qeyd\u0259 al\u0131n\u0131b.<\/strong><\/p>\n<p>Ucnoqta.az Sky News-a istinad\u0259n x\u0259b\u0259r verir ki, 2026-c\u0131 ilin yay\u0131 be\u015f istilik dal\u011fas\u0131, da\u011f\u0131d\u0131c\u0131 yan\u011f\u0131nlar, isti gec\u0259l\u0259r v\u0259 quraql\u0131qla m\u00fc\u015fayi\u0259t olunub.<br \/>\n\u201cBu ilin yay\u0131 c\u0259mi \u00f6t\u0259n il m\u00fc\u0259yy\u0259n edilmi\u015f \u0259vv\u0259lki rekordu gerid\u0259 qoyub. Eyni zamanda, son ill\u0259rd\u0259 \u00e7oxsayl\u0131 hava rekordlar\u0131 d\u0259f\u0259l\u0259rl\u0259 yenil\u0259nib\u201d, \u2013 \u00f6lk\u0259nin Meteorologiya Xidm\u0259ti bildirib.<br \/>\n\u0130sti hava ya\u011f\u0131nt\u0131lar\u0131n azl\u0131\u011f\u0131, y\u00fcks\u0259k atmosfer t\u0259zyiqi v\u0259 iqlim d\u0259yi\u015fikliyi il\u0259 \u0259laq\u0259l\u0259ndirilir.<br \/>\nMeteorologiya Xidm\u0259tinin iqlim hadis\u0259l\u0259ri \u015f\u00f6b\u0259sinin r\u0259hb\u0259ri doktor Mark Makkarti qeyd edib ki, antropogen tullant\u0131lar\u0131n t\u0259siri olmasayd\u0131, B\u00f6y\u00fck Britaniyada bel\u0259 bir yay\u0131n ba\u015f verm\u0259si t\u0259xmin\u0259n min ild\u0259 bir d\u0259f\u0259 m\u00fcmk\u00fcn olard\u0131. Onun s\u00f6zl\u0259rin\u0259 g\u00f6r\u0259, tullant\u0131lar\u0131n t\u0259siri n\u0259tic\u0259sind\u0259 haz\u0131rda \u00f6lk\u0259d\u0259 bel\u0259 yay\u0131n t\u0259xmin\u0259n doqquz ild\u0259 bir d\u0259f\u0259 ya\u015fanmas\u0131 ehtimal olunur.<br \/>\n2026-c\u0131 ilin iyun, iyul v\u0259 avqust aylar\u0131nda g\u00fcnd\u00fcz v\u0259 gec\u0259 \u00fczr\u0259 orta temperatur 16,5\u00b0C t\u0259\u015fkil edib. Bu g\u00f6st\u0259rici \u00f6t\u0259n il qeyd\u0259 al\u0131nm\u0131\u015f 16,1\u00b0C-lik \u0259vv\u0259lki m\u00f6vs\u00fcmi maksimumu \u00f6t\u00fcb. \u018fvv\u0259lki ill\u0259rd\u0259 daha y\u00fcks\u0259k temperatur g\u00f6st\u0259ricil\u0259ri, o c\u00fcml\u0259d\u0259n 2022-ci ild\u0259 40\u00b0C-lik rekord temperatur qeyd\u0259 al\u0131nsa da, bu ilki yay uzunm\u00fcdd\u0259tli anomal istil\u0259rl\u0259 f\u0259rql\u0259nib.<br \/>\nTemperaturun 30\u00b0C v\u0259 daha y\u00fcks\u0259k oldu\u011fu 40 g\u00fcn qeyd\u0259 al\u0131n\u0131b. Bu da 1995-ci ild\u0259 m\u00fc\u0259yy\u0259n edilmi\u015f 34 g\u00fcnl\u00fck \u0259vv\u0259lki rekordu \u00fcst\u0259l\u0259yib.<br \/>\n1976-c\u0131 ild\u0259 Norfolk qrafl\u0131\u011f\u0131n\u0131n Linqvud \u015f\u0259h\u0259rind\u0259 qeyd\u0259 al\u0131nm\u0131\u015f 35,6\u00b0C-lik iyun temperatur rekordu bu il h\u0259min \u0259razid\u0259 yenil\u0259nib. Termometrl\u0259r 38\u00b0C g\u00f6st\u0259rib.<br \/>\n\u00dcmumilikd\u0259, Meteorologiya Xidm\u0259tinin 54 meteoroloji stansiyas\u0131nda bu yay sutkal\u0131q maksimal temperatur \u00fczr\u0259 m\u00fctl\u0259q rekord qeyd\u0259 al\u0131n\u0131b.<br \/>\n\u201cTarixd\u0259 \u0259n isti yay\u0131m\u0131z iqlim d\u0259yi\u015fikliyinin B\u00f6y\u00fck Britaniyaya g\u0259lm\u0259sini g\u00f6zl\u0259m\u0259diyimizi, art\u0131q onun m\u0259rk\u0259zind\u0259 ya\u015fad\u0131\u011f\u0131m\u0131z\u0131 amans\u0131z \u015f\u0259kild\u0259 xat\u0131rlad\u0131r. \u0130qtisadiyyat elektrikl\u0259\u015fdirilm\u0259li v\u0259 B\u00f6y\u00fck Britaniyada istehsal olunan t\u0259miz enerji hesab\u0131na iqlim d\u0259yi\u015fikliyi il\u0259 m\u00fcbariz\u0259 apar\u0131lmal\u0131d\u0131r\u201d, \u2013 iqlim ke\u00e7idi naziri Keti Uayt bildirib.<\/p>\n","protected":false},"excerpt":{"rendered":"<p>B\u00f6y\u00fck Britaniyada 1884-c\u00fc ild\u0259n etibar\u0259n apar\u0131lan m\u00fc\u015fahid\u0259l\u0259r tarixind\u0259 \u0259n isti yay bu il qeyd\u0259 al\u0131n\u0131b. Ucnoqta.az Sky News-a istinad\u0259n x\u0259b\u0259r verir ki, 2026-c\u0131 ilin yay\u0131 be\u015f istilik dal\u011fas\u0131, da\u011f\u0131d\u0131c\u0131 yan\u011f\u0131nlar,&hellip;<\/p>\n","protected":false},"author":2,"featured_media":257007,"comment_status":"closed","ping_status":"closed","sticky":false,"template":"","format":"standard","meta":{"_lmt_disableupdate":"","_lmt_disable":"","footnotes":""},"categories":[34],"tags":[],"class_list":["post-257006","post","type-post","status-publish","format-standard","has-post-thumbnail","hentry","category-butun-xeberler"],"_links":{"self":[{"href":"https:\/\/ucnoqta.az\/index.php?rest_route=\/wp\/v2\/posts\/257006","targetHints":{"allow":["GET"]}}],"collection":[{"href":"https:\/\/ucnoqta.az\/index.php?rest_route=\/wp\/v2\/posts"}],"about":[{"href":"https:\/\/ucnoqta.az\/index.php?rest_route=\/wp\/v2\/types\/post"}],"author":[{"embeddable":true,"href":"https:\/\/ucnoqta.az\/index.php?rest_route=\/wp\/v2\/users\/2"}],"replies":[{"embeddable":true,"href":"https:\/\/ucnoqta.az\/index.php?rest_route=%2Fwp%2Fv2%2Fcomments&post=257006"}],"version-history":[{"count":0,"href":"https:\/\/ucnoqta.az\/index.php?rest_route=\/wp\/v2\/posts\/257006\/revisions"}],"wp:featuredmedia":[{"embeddable":true,"href":"https:\/\/ucnoqta.az\/index.php?rest_route=\/wp\/v2\/media\/257007"}],"wp:attachment":[{"href":"https:\/\/ucnoqta.az\/index.php?rest_route=%2Fwp%2Fv2%2Fmedia&parent=257006"}],"wp:term":[{"taxonomy":"category","embeddable":true,"href":"https:\/\/ucnoqta.az\/index.php?rest_route=%2Fwp%2Fv2%2Fcategories&post=257006"},{"taxonomy":"post_tag","embeddable":true,"href":"https:\/\/ucnoqta.az\/index.php?rest_route=%2Fwp%2Fv2%2Ftags&post=257006"}],"curies":[{"name":"wp","href":"https:\/\/api.w.org\/{rel}","templated":true}]}}