{"id":256995,"date":"2026-09-03T00:01:54","date_gmt":"2026-09-02T20:01:54","guid":{"rendered":"https:\/\/ucnoqta.az\/?p=256995"},"modified":"2026-09-03T00:01:33","modified_gmt":"2026-09-02T20:01:33","slug":"harri-v%c9%99-meqanin-britaniyaya-qayitmasina-sevindim-tramp","status":"publish","type":"post","link":"https:\/\/ucnoqta.az\/?p=256995","title":{"rendered":"Harri v\u0259 Meqan\u0131n Britaniyaya qay\u0131tmas\u0131na sevindim &#8211; Tramp"},"content":{"rendered":"<p><strong>AB\u015e Prezidenti Donald Tramp B\u00f6y\u00fck Britaniya \u015fahzad\u0259si Harri v\u0259 h\u0259yat yolda\u015f\u0131 Meqan Markl\u0131n AB\u015e-dan \u00f6lk\u0259l\u0259rin\u0259 qay\u0131tmas\u0131na sevindiyini bildirib. O, kral ail\u0259sinin yerind\u0259 olsayd\u0131, c\u00fctl\u00fcy\u00fc geri q\u0259bul etm\u0259y\u0259c\u0259yini deyib.<\/strong><\/p>\n<p>Ucnoqta.az x\u0259b\u0259r verir ki, Tramp A\u011f Evd\u0259 jurnalistl\u0259rin suallar\u0131n\u0131 cavabland\u0131rark\u0259n bildirib.<\/p>\n<p>\u201cBuna sevindim. M\u0259n he\u00e7 vaxt onlar\u0131n t\u0259r\u0259fdar\u0131 olmam\u0131\u015fam\u201d, \u2013 dey\u0259 o qeyd edib.<\/p>\n<p>AB\u015e lideri Harri v\u0259 Meqan Markl\u0131n kral ail\u0259sin\u0259 qar\u015f\u0131 son d\u0259r\u0259c\u0259 h\u00f6rm\u0259tsiz davrand\u0131\u011f\u0131n\u0131 d\u00fc\u015f\u00fcn\u00fcr.<\/p>\n<p>\u201cOnlar\u0131n kral ail\u0259sin\u0259 m\u00fcnasib\u0259ti m\u0259nim xo\u015fuma g\u0259lmirdi. Onun davran\u0131\u015f\u0131n\u0131 b\u0259y\u0259nmirdim. Hesab edir\u0259m ki, o, krali\u00e7a II Elizabet\u0259 v\u0259 kral III \u00c7arlza qar\u015f\u0131 olduqca h\u00f6rm\u0259tsiz davran\u0131b. M\u0259n kral ail\u0259sinin yerind\u0259 olsayd\u0131m, onlar\u0131 geri q\u0259bul etm\u0259zdim\u201d, \u2013 dey\u0259 Tramp \u0259lav\u0259 edib.<\/p>\n","protected":false},"excerpt":{"rendered":"<p>AB\u015e Prezidenti Donald Tramp B\u00f6y\u00fck Britaniya \u015fahzad\u0259si Harri v\u0259 h\u0259yat yolda\u015f\u0131 Meqan Markl\u0131n AB\u015e-dan \u00f6lk\u0259l\u0259rin\u0259 qay\u0131tmas\u0131na sevindiyini bildirib. O, kral ail\u0259sinin yerind\u0259 olsayd\u0131, c\u00fctl\u00fcy\u00fc geri q\u0259bul etm\u0259y\u0259c\u0259yini deyib. Ucnoqta.az x\u0259b\u0259r&hellip;<\/p>\n","protected":false},"author":2,"featured_media":256996,"comment_status":"closed","ping_status":"closed","sticky":false,"template":"","format":"standard","meta":{"_lmt_disableupdate":"","_lmt_disable":"","footnotes":""},"categories":[89],"tags":[],"class_list":["post-256995","post","type-post","status-publish","format-standard","has-post-thumbnail","hentry","category-dunya-butun-xeberler"],"_links":{"self":[{"href":"https:\/\/ucnoqta.az\/index.php?rest_route=\/wp\/v2\/posts\/256995","targetHints":{"allow":["GET"]}}],"collection":[{"href":"https:\/\/ucnoqta.az\/index.php?rest_route=\/wp\/v2\/posts"}],"about":[{"href":"https:\/\/ucnoqta.az\/index.php?rest_route=\/wp\/v2\/types\/post"}],"author":[{"embeddable":true,"href":"https:\/\/ucnoqta.az\/index.php?rest_route=\/wp\/v2\/users\/2"}],"replies":[{"embeddable":true,"href":"https:\/\/ucnoqta.az\/index.php?rest_route=%2Fwp%2Fv2%2Fcomments&post=256995"}],"version-history":[{"count":0,"href":"https:\/\/ucnoqta.az\/index.php?rest_route=\/wp\/v2\/posts\/256995\/revisions"}],"wp:featuredmedia":[{"embeddable":true,"href":"https:\/\/ucnoqta.az\/index.php?rest_route=\/wp\/v2\/media\/256996"}],"wp:attachment":[{"href":"https:\/\/ucnoqta.az\/index.php?rest_route=%2Fwp%2Fv2%2Fmedia&parent=256995"}],"wp:term":[{"taxonomy":"category","embeddable":true,"href":"https:\/\/ucnoqta.az\/index.php?rest_route=%2Fwp%2Fv2%2Fcategories&post=256995"},{"taxonomy":"post_tag","embeddable":true,"href":"https:\/\/ucnoqta.az\/index.php?rest_route=%2Fwp%2Fv2%2Ftags&post=256995"}],"curies":[{"name":"wp","href":"https:\/\/api.w.org\/{rel}","templated":true}]}}