{"id":256981,"date":"2026-09-02T22:07:50","date_gmt":"2026-09-02T18:07:50","guid":{"rendered":"https:\/\/ucnoqta.az\/?p=256981"},"modified":"2026-09-02T22:07:50","modified_gmt":"2026-09-02T18:07:50","slug":"mbappenin-fransada-qacirilmasi-planlasdirilibmis","status":"publish","type":"post","link":"https:\/\/ucnoqta.az\/?p=256981","title":{"rendered":"Mbappenin Fransada qa\u00e7\u0131r\u0131lmas\u0131 planla\u015fd\u0131r\u0131l\u0131bm\u0131\u015f"},"content":{"rendered":"<p class=\"isSelectedEnd\"><strong>Kleman adl\u0131 18 ya\u015fl\u0131 g\u0259ncin r\u0259hb\u0259rlik etdiyi d\u0259st\u0259 biznes r\u0259hb\u0259rl\u0259rini, reperi, h\u0259m\u00e7inin Fransa millisinin v\u0259 Madrid \u201cReal\u201d\u0131n\u0131n futbol\u00e7usu Kilian Mbappeni qa\u00e7\u0131rma\u011f\u0131 planla\u015fd\u0131r\u0131b.<\/strong><\/p>\n<p class=\"isSelectedEnd\">Ucnoqta.az x\u0259b\u0259r verir ki, bu bar\u0259d\u0259 Le Parisien q\u0259zeti m\u0259lumat yay\u0131b.<\/p>\n<p class=\"isSelectedEnd\">M\u0259nb\u0259nin m\u0259lumat\u0131na g\u00f6r\u0259, \u00fcmumilikd\u0259 26 n\u0259f\u0259r\u0259 qar\u015f\u0131 qanunsuz \u0259m\u0259ll\u0259rin t\u00f6r\u0259dilm\u0259si planla\u015fd\u0131r\u0131l\u0131b.<\/p>\n<p class=\"isSelectedEnd\">Avqustun 21-d\u0259 Kleman v\u0259 onun \u0259lbir oldu\u011fu \u015f\u0259xs aprel ay\u0131nda saat ustas\u0131n\u0131n qar\u0259t edilm\u0259sind\u0259 ittiham olunublar. G\u00f6t\u00fcr\u00fclm\u00fc\u015f telefonlardak\u0131 m\u0259lumatlar\u0131n ara\u015fd\u0131r\u0131lmas\u0131 n\u0259tic\u0259sind\u0259 m\u0259lum olub ki, Kleman aprelin 11-d\u0259n avqustun 19-d\u0259k daha bir ne\u00e7\u0259 qar\u0259t v\u0259 ya adam o\u011furlu\u011fu planla\u015fd\u0131r\u0131b.<\/p>\n<p>Kleman h\u0259bs edilib. Onun ehtimal olunan \u0259lbir oldu\u011fu \u015f\u0259xs is\u0259 azadl\u0131\u011fa burax\u0131l\u0131b, lakin m\u0259hk\u0259m\u0259 n\u0259zar\u0259tind\u0259 saxlan\u0131l\u0131b.<\/p>\n","protected":false},"excerpt":{"rendered":"<p>Kleman adl\u0131 18 ya\u015fl\u0131 g\u0259ncin r\u0259hb\u0259rlik etdiyi d\u0259st\u0259 biznes r\u0259hb\u0259rl\u0259rini, reperi, h\u0259m\u00e7inin Fransa millisinin v\u0259 Madrid \u201cReal\u201d\u0131n\u0131n futbol\u00e7usu Kilian Mbappeni qa\u00e7\u0131rma\u011f\u0131 planla\u015fd\u0131r\u0131b. Ucnoqta.az x\u0259b\u0259r verir ki, bu bar\u0259d\u0259 Le Parisien&hellip;<\/p>\n","protected":false},"author":2,"featured_media":256982,"comment_status":"closed","ping_status":"closed","sticky":false,"template":"","format":"standard","meta":{"_lmt_disableupdate":"","_lmt_disable":"","footnotes":""},"categories":[34],"tags":[],"class_list":["post-256981","post","type-post","status-publish","format-standard","has-post-thumbnail","hentry","category-butun-xeberler"],"_links":{"self":[{"href":"https:\/\/ucnoqta.az\/index.php?rest_route=\/wp\/v2\/posts\/256981","targetHints":{"allow":["GET"]}}],"collection":[{"href":"https:\/\/ucnoqta.az\/index.php?rest_route=\/wp\/v2\/posts"}],"about":[{"href":"https:\/\/ucnoqta.az\/index.php?rest_route=\/wp\/v2\/types\/post"}],"author":[{"embeddable":true,"href":"https:\/\/ucnoqta.az\/index.php?rest_route=\/wp\/v2\/users\/2"}],"replies":[{"embeddable":true,"href":"https:\/\/ucnoqta.az\/index.php?rest_route=%2Fwp%2Fv2%2Fcomments&post=256981"}],"version-history":[{"count":0,"href":"https:\/\/ucnoqta.az\/index.php?rest_route=\/wp\/v2\/posts\/256981\/revisions"}],"wp:featuredmedia":[{"embeddable":true,"href":"https:\/\/ucnoqta.az\/index.php?rest_route=\/wp\/v2\/media\/256982"}],"wp:attachment":[{"href":"https:\/\/ucnoqta.az\/index.php?rest_route=%2Fwp%2Fv2%2Fmedia&parent=256981"}],"wp:term":[{"taxonomy":"category","embeddable":true,"href":"https:\/\/ucnoqta.az\/index.php?rest_route=%2Fwp%2Fv2%2Fcategories&post=256981"},{"taxonomy":"post_tag","embeddable":true,"href":"https:\/\/ucnoqta.az\/index.php?rest_route=%2Fwp%2Fv2%2Ftags&post=256981"}],"curies":[{"name":"wp","href":"https:\/\/api.w.org\/{rel}","templated":true}]}}