{"id":256979,"date":"2026-09-02T21:10:58","date_gmt":"2026-09-02T17:10:58","guid":{"rendered":"https:\/\/ucnoqta.az\/?p=256979"},"modified":"2026-09-02T21:10:58","modified_gmt":"2026-09-02T17:10:58","slug":"abs-ordusu-bogazinda-28-g%c9%99mini-m%c9%99hv-edib-tramp","status":"publish","type":"post","link":"https:\/\/ucnoqta.az\/?p=256979","title":{"rendered":"AB\u015e ordusu bo\u011faz\u0131nda 28 g\u0259mini m\u0259hv edib &#8211; Tramp"},"content":{"rendered":"<p class=\"isSelectedEnd\"><strong>AB\u015e Silahl\u0131 Q\u00fcvv\u0259l\u0259ri \u00e7\u0259r\u015f\u0259nb\u0259 ax\u015fam\u0131na ke\u00e7\u0259n gec\u0259 H\u00f6rm\u00fcz bo\u011faz\u0131nda 28 g\u0259mini s\u0131radan \u00e7\u0131xar\u0131b. <\/strong><\/p>\n<p class=\"isSelectedEnd\">Ucnoqta.az x\u0259b\u0259r verir ki, bu iddia il\u0259 AB\u015e Prezidenti Donald Tramp \u00e7\u0131x\u0131\u015f edib.<\/p>\n<p class=\"isSelectedEnd\">\u201c\u0130ran he\u00e7 vaxt n\u00fcv\u0259 silah\u0131na sahib olmayacaq. Haz\u0131rda biz H\u00f6rm\u00fcz bo\u011faz\u0131na n\u0259zar\u0259t edirik. Biz ona n\u0259zar\u0259t edirik. \u00d6t\u0259n gec\u0259 28 qay\u0131q, 28 g\u0259mini m\u0259hv etdik. Biz ona n\u0259zar\u0259t edirik. Onlar he\u00e7 n\u0259 \u0259ld\u0259 etmirl\u0259r, biz is\u0259 g\u0259mil\u0259ri m\u0259hv etdik\u201d, \u2013 d\u00f6vl\u0259t ba\u015f\u00e7\u0131s\u0131 Lt. Dan podkast\u0131n\u0131n m\u00fc\u0259llifi Den Patrik\u0259 m\u00fcsahib\u0259sind\u0259 deyib.<\/p>\n<p>M\u00fcsahib\u0259 \u00e7\u0259r\u015f\u0259nb\u0259 ax\u015fam\u0131 qeyd\u0259 al\u0131n\u0131b v\u0259 \u00e7\u0259r\u015f\u0259nb\u0259 g\u00fcn\u00fc yay\u0131mlan\u0131b.<\/p>\n","protected":false},"excerpt":{"rendered":"<p>AB\u015e Silahl\u0131 Q\u00fcvv\u0259l\u0259ri \u00e7\u0259r\u015f\u0259nb\u0259 ax\u015fam\u0131na ke\u00e7\u0259n gec\u0259 H\u00f6rm\u00fcz bo\u011faz\u0131nda 28 g\u0259mini s\u0131radan \u00e7\u0131xar\u0131b. Ucnoqta.az x\u0259b\u0259r verir ki, bu iddia il\u0259 AB\u015e Prezidenti Donald Tramp \u00e7\u0131x\u0131\u015f edib. \u201c\u0130ran he\u00e7 vaxt n\u00fcv\u0259&hellip;<\/p>\n","protected":false},"author":2,"featured_media":256624,"comment_status":"closed","ping_status":"closed","sticky":false,"template":"","format":"standard","meta":{"_lmt_disableupdate":"","_lmt_disable":"","footnotes":""},"categories":[89],"tags":[],"class_list":["post-256979","post","type-post","status-publish","format-standard","has-post-thumbnail","hentry","category-dunya-butun-xeberler"],"_links":{"self":[{"href":"https:\/\/ucnoqta.az\/index.php?rest_route=\/wp\/v2\/posts\/256979","targetHints":{"allow":["GET"]}}],"collection":[{"href":"https:\/\/ucnoqta.az\/index.php?rest_route=\/wp\/v2\/posts"}],"about":[{"href":"https:\/\/ucnoqta.az\/index.php?rest_route=\/wp\/v2\/types\/post"}],"author":[{"embeddable":true,"href":"https:\/\/ucnoqta.az\/index.php?rest_route=\/wp\/v2\/users\/2"}],"replies":[{"embeddable":true,"href":"https:\/\/ucnoqta.az\/index.php?rest_route=%2Fwp%2Fv2%2Fcomments&post=256979"}],"version-history":[{"count":0,"href":"https:\/\/ucnoqta.az\/index.php?rest_route=\/wp\/v2\/posts\/256979\/revisions"}],"wp:featuredmedia":[{"embeddable":true,"href":"https:\/\/ucnoqta.az\/index.php?rest_route=\/wp\/v2\/media\/256624"}],"wp:attachment":[{"href":"https:\/\/ucnoqta.az\/index.php?rest_route=%2Fwp%2Fv2%2Fmedia&parent=256979"}],"wp:term":[{"taxonomy":"category","embeddable":true,"href":"https:\/\/ucnoqta.az\/index.php?rest_route=%2Fwp%2Fv2%2Fcategories&post=256979"},{"taxonomy":"post_tag","embeddable":true,"href":"https:\/\/ucnoqta.az\/index.php?rest_route=%2Fwp%2Fv2%2Ftags&post=256979"}],"curies":[{"name":"wp","href":"https:\/\/api.w.org\/{rel}","templated":true}]}}