{"id":256973,"date":"2026-09-02T20:03:40","date_gmt":"2026-09-02T16:03:40","guid":{"rendered":"https:\/\/ucnoqta.az\/?p=256973"},"modified":"2026-09-02T20:03:40","modified_gmt":"2026-09-02T16:03:40","slug":"uitkoff-v%c9%99-kusner-sulh-sazisl%c9%99ri-uzr%c9%99-danisiqlara-fokuslaniblar-rubio","status":"publish","type":"post","link":"https:\/\/ucnoqta.az\/?p=256973","title":{"rendered":"Uitkoff v\u0259 Ku\u015fner s\u00fclh sazi\u015fl\u0259ri \u00fczr\u0259 dan\u0131\u015f\u0131qlara fokuslan\u0131blar &#8211; Rubio"},"content":{"rendered":"<p class=\"isSelectedEnd\"><strong>AB\u015e prezidentinin x\u00fcsusi n\u00fcmay\u0259nd\u0259si Stiv Uitkoff v\u0259 Cared Ku\u015fner s\u00fclh sazi\u015fl\u0259rinin \u0259ld\u0259 olunmas\u0131, o c\u00fcml\u0259d\u0259n Ukraynadak\u0131 m\u00fcnaqi\u015f\u0259nin nizamlanmas\u0131 il\u0259 ba\u011fl\u0131 dan\u0131\u015f\u0131qlara tam diqq\u0259t ay\u0131r\u0131blar.<\/strong><\/p>\n<p class=\"isSelectedEnd\">Ucnoqta.az x\u0259b\u0259r verir ki, bunu AB\u015e d\u00f6vl\u0259t katibi Marko Rubio Fox Radio-ya m\u00fcsahib\u0259sind\u0259 bildirib.<\/p>\n<p class=\"isSelectedEnd\">\u201cBizim v\u0259zif\u0259si s\u00fclh sazi\u015fl\u0259ri \u00fczr\u0259 dan\u0131\u015f\u0131qlar aparmaq olan insanlar var. Bu, Stiv Uitkoffdur v\u0259 indi Cared Ku\u015fner d\u0259 bu proses\u0259 qo\u015fulub\u201d &#8211; suala cavab\u0131nda bildirib.<\/p>\n<p class=\"isSelectedEnd\">Onun s\u00f6zl\u0259rin\u0259 g\u00f6r\u0259, Uitkoff v\u0259 Ku\u015fner vaxtlar\u0131n\u0131n 100 faizini s\u00fclh sazi\u015fl\u0259ri \u00fczr\u0259 dan\u0131\u015f\u0131qlara h\u0259sr edirl\u0259r.<\/p>\n<p>Rubio vur\u011fulay\u0131b ki, AB\u015e administrasiyas\u0131 xarici siyas\u0259tin h\u0259r bir istiqam\u0259ti \u00fczr\u0259 ayr\u0131ca komandalar formala\u015fd\u0131r\u0131r v\u0259 b\u00fct\u00fcn i\u015ftirak\u00e7\u0131lar \u00fcmumi yana\u015fma \u00e7\u0259r\u00e7iv\u0259sind\u0259 f\u0259aliyy\u0259t g\u00f6st\u0259rirl\u0259r.<\/p>\n","protected":false},"excerpt":{"rendered":"<p>AB\u015e prezidentinin x\u00fcsusi n\u00fcmay\u0259nd\u0259si Stiv Uitkoff v\u0259 Cared Ku\u015fner s\u00fclh sazi\u015fl\u0259rinin \u0259ld\u0259 olunmas\u0131, o c\u00fcml\u0259d\u0259n Ukraynadak\u0131 m\u00fcnaqi\u015f\u0259nin nizamlanmas\u0131 il\u0259 ba\u011fl\u0131 dan\u0131\u015f\u0131qlara tam diqq\u0259t ay\u0131r\u0131blar. Ucnoqta.az x\u0259b\u0259r verir ki, bunu AB\u015e&hellip;<\/p>\n","protected":false},"author":2,"featured_media":250790,"comment_status":"closed","ping_status":"closed","sticky":false,"template":"","format":"standard","meta":{"_lmt_disableupdate":"","_lmt_disable":"","footnotes":""},"categories":[89],"tags":[],"class_list":["post-256973","post","type-post","status-publish","format-standard","has-post-thumbnail","hentry","category-dunya-butun-xeberler"],"_links":{"self":[{"href":"https:\/\/ucnoqta.az\/index.php?rest_route=\/wp\/v2\/posts\/256973","targetHints":{"allow":["GET"]}}],"collection":[{"href":"https:\/\/ucnoqta.az\/index.php?rest_route=\/wp\/v2\/posts"}],"about":[{"href":"https:\/\/ucnoqta.az\/index.php?rest_route=\/wp\/v2\/types\/post"}],"author":[{"embeddable":true,"href":"https:\/\/ucnoqta.az\/index.php?rest_route=\/wp\/v2\/users\/2"}],"replies":[{"embeddable":true,"href":"https:\/\/ucnoqta.az\/index.php?rest_route=%2Fwp%2Fv2%2Fcomments&post=256973"}],"version-history":[{"count":0,"href":"https:\/\/ucnoqta.az\/index.php?rest_route=\/wp\/v2\/posts\/256973\/revisions"}],"wp:featuredmedia":[{"embeddable":true,"href":"https:\/\/ucnoqta.az\/index.php?rest_route=\/wp\/v2\/media\/250790"}],"wp:attachment":[{"href":"https:\/\/ucnoqta.az\/index.php?rest_route=%2Fwp%2Fv2%2Fmedia&parent=256973"}],"wp:term":[{"taxonomy":"category","embeddable":true,"href":"https:\/\/ucnoqta.az\/index.php?rest_route=%2Fwp%2Fv2%2Fcategories&post=256973"},{"taxonomy":"post_tag","embeddable":true,"href":"https:\/\/ucnoqta.az\/index.php?rest_route=%2Fwp%2Fv2%2Ftags&post=256973"}],"curies":[{"name":"wp","href":"https:\/\/api.w.org\/{rel}","templated":true}]}}