{"id":256921,"date":"2026-09-02T11:53:11","date_gmt":"2026-09-02T07:53:11","guid":{"rendered":"https:\/\/ucnoqta.az\/?p=256921"},"modified":"2026-09-02T11:53:11","modified_gmt":"2026-09-02T07:53:11","slug":"medvedev-almaniyaya-z%c9%99rb%c9%99-endirm%c9%99kl%c9%99-h%c9%99d%c9%99l%c9%99di","status":"publish","type":"post","link":"https:\/\/ucnoqta.az\/?p=256921","title":{"rendered":"Medvedev Almaniyaya z\u0259rb\u0259 endirm\u0259kl\u0259 h\u0259d\u0259l\u0259di"},"content":{"rendered":"<p data-start=\"51\" data-end=\"231\"><strong>Rusiya T\u0259hl\u00fck\u0259sizlik \u015euras\u0131n\u0131n s\u0259dr m\u00fcavini Dmitri Medvedev Almaniyan\u0131n Ukrayna \u00fc\u00e7\u00fcn h\u0259rbi texnika istehsal ed\u0259n m\u00fc\u0259ssis\u0259l\u0259rin\u0259 birba\u015fa z\u0259rb\u0259 endirilm\u0259sin\u0259 layiq oldu\u011funu bildirib.<\/strong><\/p>\n<p data-start=\"233\" data-end=\"381\">Ucnoqta.az x\u0259b\u0259r verir ki, Medvedev \u201cMax\u201d sosial \u015f\u0259b\u0259k\u0259sind\u0259 yaz\u0131b ki, Berlin Rusiyan\u0131 Leypsiq hava liman\u0131na h\u00fccumda ittiham edib, lakin bunu t\u0259sdiql\u0259y\u0259n s\u00fcbut t\u0259qdim etm\u0259yib.<\/p>\n<p data-start=\"383\" data-end=\"636\">\u201cUydurulmu\u015f diversiya onlar\u0131n g\u00fcnahlar\u0131na g\u00f6r\u0259 \u0259n yum\u015faq c\u0259za formas\u0131d\u0131r. Onlar Ukrayna \u00fc\u00e7\u00fcn h\u0259rbi texnika istehsal ed\u0259n b\u00fct\u00fcn Almaniya m\u00fc\u0259ssis\u0259l\u0259rin\u0259, b\u00f6y\u00fck ehtimalla, Berlind\u0259ki b\u0259zi dig\u0259r obyektl\u0259r\u0259 d\u0259 birba\u015fa z\u0259rb\u0259y\u0259 layiqdirl\u0259r\u201d, \u2013 dey\u0259 o bildirib.<\/p>\n","protected":false},"excerpt":{"rendered":"<p>Rusiya T\u0259hl\u00fck\u0259sizlik \u015euras\u0131n\u0131n s\u0259dr m\u00fcavini Dmitri Medvedev Almaniyan\u0131n Ukrayna \u00fc\u00e7\u00fcn h\u0259rbi texnika istehsal ed\u0259n m\u00fc\u0259ssis\u0259l\u0259rin\u0259 birba\u015fa z\u0259rb\u0259 endirilm\u0259sin\u0259 layiq oldu\u011funu bildirib. Ucnoqta.az x\u0259b\u0259r verir ki, Medvedev \u201cMax\u201d sosial \u015f\u0259b\u0259k\u0259sind\u0259 yaz\u0131b&hellip;<\/p>\n","protected":false},"author":2,"featured_media":256922,"comment_status":"closed","ping_status":"closed","sticky":false,"template":"","format":"standard","meta":{"_lmt_disableupdate":"","_lmt_disable":"","footnotes":""},"categories":[34],"tags":[],"class_list":["post-256921","post","type-post","status-publish","format-standard","has-post-thumbnail","hentry","category-butun-xeberler"],"_links":{"self":[{"href":"https:\/\/ucnoqta.az\/index.php?rest_route=\/wp\/v2\/posts\/256921","targetHints":{"allow":["GET"]}}],"collection":[{"href":"https:\/\/ucnoqta.az\/index.php?rest_route=\/wp\/v2\/posts"}],"about":[{"href":"https:\/\/ucnoqta.az\/index.php?rest_route=\/wp\/v2\/types\/post"}],"author":[{"embeddable":true,"href":"https:\/\/ucnoqta.az\/index.php?rest_route=\/wp\/v2\/users\/2"}],"replies":[{"embeddable":true,"href":"https:\/\/ucnoqta.az\/index.php?rest_route=%2Fwp%2Fv2%2Fcomments&post=256921"}],"version-history":[{"count":0,"href":"https:\/\/ucnoqta.az\/index.php?rest_route=\/wp\/v2\/posts\/256921\/revisions"}],"wp:featuredmedia":[{"embeddable":true,"href":"https:\/\/ucnoqta.az\/index.php?rest_route=\/wp\/v2\/media\/256922"}],"wp:attachment":[{"href":"https:\/\/ucnoqta.az\/index.php?rest_route=%2Fwp%2Fv2%2Fmedia&parent=256921"}],"wp:term":[{"taxonomy":"category","embeddable":true,"href":"https:\/\/ucnoqta.az\/index.php?rest_route=%2Fwp%2Fv2%2Fcategories&post=256921"},{"taxonomy":"post_tag","embeddable":true,"href":"https:\/\/ucnoqta.az\/index.php?rest_route=%2Fwp%2Fv2%2Ftags&post=256921"}],"curies":[{"name":"wp","href":"https:\/\/api.w.org\/{rel}","templated":true}]}}