{"id":256903,"date":"2026-09-02T11:14:46","date_gmt":"2026-09-02T07:14:46","guid":{"rendered":"https:\/\/ucnoqta.az\/?p=256903"},"modified":"2026-09-02T11:14:46","modified_gmt":"2026-09-02T07:14:46","slug":"meloni-hokum%c9%99ti-italiyada-rekord-vurdu","status":"publish","type":"post","link":"https:\/\/ucnoqta.az\/?p=256903","title":{"rendered":"Meloni h\u00f6kum\u0259ti \u0130taliyada rekord vurdu"},"content":{"rendered":"<p data-start=\"44\" data-end=\"227\"><strong>\u0130taliyan\u0131n Ba\u015f naziri Corcia Meloninin r\u0259hb\u0259rlik etdiyi sa\u011f\u00e7\u0131 h\u00f6kum\u0259t c\u00fcm\u0259 g\u00fcn\u00fc \u00f6lk\u0259nin \u0130kinci D\u00fcnya m\u00fcharib\u0259sind\u0259n sonrak\u0131 tarixind\u0259 \u0259n uzun m\u00fcdd\u0259t f\u0259aliyy\u0259t g\u00f6st\u0259r\u0259n h\u00f6kum\u0259t olacaq.<\/strong><\/p>\n<p data-start=\"229\" data-end=\"397\">Ucnoqta.az xarici m\u0259tbuata istinad\u0259n x\u0259b\u0259r verir ki, \u0130taliyan\u0131n ilk qad\u0131n ba\u015f naziri eyni h\u00f6kum\u0259tin t\u0259rkibind\u0259 1413 g\u00fcnd\u00fcr hakimiyy\u0259td\u0259 qalaraq Silvio Berluskoninin ikinci h\u00f6kum\u0259tinin 1412 g\u00fcnl\u00fck rekordunu gerid\u0259 qoyacaq.<\/p>\n<p data-start=\"399\" data-end=\"608\">T\u0259xmin\u0259n 80 il \u0259rzind\u0259 70-\u0259 yax\u0131n h\u00f6kum\u0259tin d\u0259yi\u015fdiyi \u0130taliyada analitikl\u0259r bu rekordun 2027-ci ild\u0259 ke\u00e7irilm\u0259si planla\u015fd\u0131r\u0131lan parlament se\u00e7kil\u0259ri \u0259r\u0259f\u0259sind\u0259 Meloninin m\u00f6vqel\u0259rini g\u00fccl\u0259ndir\u0259c\u0259yini d\u00fc\u015f\u00fcn\u00fcrl\u0259r.<\/p>\n<p data-start=\"610\" data-end=\"840\">Meloninin r\u0259hb\u0259rlik etdiyi \u201c\u0130taliya Qarda\u015flar\u0131\u201d (FdI) partiyas\u0131n\u0131n r\u0259y sor\u011fular\u0131nda ilk s\u0131rada olmas\u0131 onun 2022-ci ild\u0259ki q\u0259l\u0259b\u0259sini t\u0259krarlaya bil\u0259c\u0259yin\u0259 i\u015far\u0259 ets\u0259 d\u0259, ekspertl\u0259r se\u00e7ki m\u00fcbariz\u0259sinin \u00e7\u0259tin ke\u00e7\u0259c\u0259yini bildirirl\u0259r.<\/p>\n<p data-start=\"842\" data-end=\"1137\" data-is-last-node=\"\" data-is-only-node=\"\">YouTrend ara\u015fd\u0131rma \u015firk\u0259tinin n\u00fcmay\u0259nd\u0259si Lorenzo Preqlasko qeyd edib ki, son hadis\u0259l\u0259r Meloninin yenid\u0259n se\u00e7ilm\u0259 perspektivl\u0259rini \u00e7\u0259tinl\u0259\u015fdirib. Onun s\u00f6zl\u0259rin\u0259 g\u00f6r\u0259, Meloninin bu il m\u0259hk\u0259m\u0259 islahat\u0131 il\u0259 ba\u011fl\u0131 referendumda m\u0259\u011flub olmas\u0131 se\u00e7icil\u0259r\u0259 \u201calternativ \u00e7oxlu\u011fun m\u00fcmk\u00fcn oldu\u011funu\u201d g\u00f6st\u0259rib.<\/p>\n","protected":false},"excerpt":{"rendered":"<p>\u0130taliyan\u0131n Ba\u015f naziri Corcia Meloninin r\u0259hb\u0259rlik etdiyi sa\u011f\u00e7\u0131 h\u00f6kum\u0259t c\u00fcm\u0259 g\u00fcn\u00fc \u00f6lk\u0259nin \u0130kinci D\u00fcnya m\u00fcharib\u0259sind\u0259n sonrak\u0131 tarixind\u0259 \u0259n uzun m\u00fcdd\u0259t f\u0259aliyy\u0259t g\u00f6st\u0259r\u0259n h\u00f6kum\u0259t olacaq. Ucnoqta.az xarici m\u0259tbuata istinad\u0259n x\u0259b\u0259r verir&hellip;<\/p>\n","protected":false},"author":2,"featured_media":256904,"comment_status":"closed","ping_status":"closed","sticky":false,"template":"","format":"standard","meta":{"_lmt_disableupdate":"","_lmt_disable":"","footnotes":""},"categories":[34],"tags":[],"class_list":["post-256903","post","type-post","status-publish","format-standard","has-post-thumbnail","hentry","category-butun-xeberler"],"_links":{"self":[{"href":"https:\/\/ucnoqta.az\/index.php?rest_route=\/wp\/v2\/posts\/256903","targetHints":{"allow":["GET"]}}],"collection":[{"href":"https:\/\/ucnoqta.az\/index.php?rest_route=\/wp\/v2\/posts"}],"about":[{"href":"https:\/\/ucnoqta.az\/index.php?rest_route=\/wp\/v2\/types\/post"}],"author":[{"embeddable":true,"href":"https:\/\/ucnoqta.az\/index.php?rest_route=\/wp\/v2\/users\/2"}],"replies":[{"embeddable":true,"href":"https:\/\/ucnoqta.az\/index.php?rest_route=%2Fwp%2Fv2%2Fcomments&post=256903"}],"version-history":[{"count":0,"href":"https:\/\/ucnoqta.az\/index.php?rest_route=\/wp\/v2\/posts\/256903\/revisions"}],"wp:featuredmedia":[{"embeddable":true,"href":"https:\/\/ucnoqta.az\/index.php?rest_route=\/wp\/v2\/media\/256904"}],"wp:attachment":[{"href":"https:\/\/ucnoqta.az\/index.php?rest_route=%2Fwp%2Fv2%2Fmedia&parent=256903"}],"wp:term":[{"taxonomy":"category","embeddable":true,"href":"https:\/\/ucnoqta.az\/index.php?rest_route=%2Fwp%2Fv2%2Fcategories&post=256903"},{"taxonomy":"post_tag","embeddable":true,"href":"https:\/\/ucnoqta.az\/index.php?rest_route=%2Fwp%2Fv2%2Ftags&post=256903"}],"curies":[{"name":"wp","href":"https:\/\/api.w.org\/{rel}","templated":true}]}}