{"id":256831,"date":"2026-09-02T00:04:33","date_gmt":"2026-09-01T20:04:33","guid":{"rendered":"https:\/\/ucnoqta.az\/?p=256831"},"modified":"2026-09-02T00:04:33","modified_gmt":"2026-09-01T20:04:33","slug":"abs-energetika-naziri-venesuelaya-gedir","status":"publish","type":"post","link":"https:\/\/ucnoqta.az\/?p=256831","title":{"rendered":"AB\u015e energetika naziri Venesuelaya gedir"},"content":{"rendered":"<p data-start=\"79\" data-end=\"196\"><strong>AB\u015e energetika naziri Kris Rayt neft sazi\u015fi il\u0259 ba\u011fl\u0131 dan\u0131\u015f\u0131qlar aparmaq \u00fc\u00e7\u00fcn sentyabr\u0131n 1-d\u0259 Venesuelaya yola d\u00fc\u015f\u00fcb.<\/strong><\/p>\n<p data-start=\"198\" data-end=\"392\">Ucnoqta.az x\u0259b\u0259r verir ki, bu bar\u0259d\u0259 Va\u015finqton administrasiyas\u0131n\u0131n y\u00fcks\u0259k r\u00fctb\u0259li n\u00fcmay\u0259nd\u0259si jurnalistl\u0259r\u0259 bildirib. M\u0259lumata g\u00f6r\u0259, Rayt\u0131n r\u0259hb\u0259rlik etdiyi n\u00fcmay\u0259nd\u0259 hey\u0259ti sentyabr\u0131n 2-d\u0259 Venesuelada g\u00f6r\u00fc\u015fl\u0259r ke\u00e7ir\u0259c\u0259k.<\/p>\n<p data-start=\"516\" data-end=\"684\">Onun s\u00f6zl\u0259rin\u0259 g\u00f6r\u0259, \u201cChevron\u201ddan ba\u015fqa, yax\u0131n g\u00fcnl\u0259rd\u0259 Venesuelada neft hasilat\u0131 il\u0259 ba\u011fl\u0131 dig\u0259r AB\u015e \u015firk\u0259tl\u0259ri il\u0259 daha bir ne\u00e7\u0259 m\u00fcqavil\u0259nin imzalanaca\u011f\u0131 a\u00e7\u0131qlanacaq.<\/p>\n<p data-start=\"686\" data-end=\"918\" data-is-last-node=\"\" data-is-only-node=\"\">AB\u015e r\u0259smil\u0259rinin bildirdiyin\u0259 g\u00f6r\u0259, Rayt\u0131n s\u0259f\u0259ri Venesuela neft sektorunda AB\u015e-\u0131n i\u015ftirak\u0131n\u0131n geni\u015fl\u0259ndirilm\u0259si \u00e7\u0259r\u00e7iv\u0259sind\u0259 ke\u00e7irilir. \u201cChevron\u201dun da \u00f6lk\u0259d\u0259 f\u0259aliyy\u0259tini art\u0131raca\u011f\u0131 g\u00f6zl\u0259nilir.<\/p>\n","protected":false},"excerpt":{"rendered":"<p>AB\u015e energetika naziri Kris Rayt neft sazi\u015fi il\u0259 ba\u011fl\u0131 dan\u0131\u015f\u0131qlar aparmaq \u00fc\u00e7\u00fcn sentyabr\u0131n 1-d\u0259 Venesuelaya yola d\u00fc\u015f\u00fcb. Ucnoqta.az x\u0259b\u0259r verir ki, bu bar\u0259d\u0259 Va\u015finqton administrasiyas\u0131n\u0131n y\u00fcks\u0259k r\u00fctb\u0259li n\u00fcmay\u0259nd\u0259si jurnalistl\u0259r\u0259 bildirib.&hellip;<\/p>\n","protected":false},"author":2,"featured_media":256832,"comment_status":"closed","ping_status":"closed","sticky":false,"template":"","format":"standard","meta":{"_lmt_disableupdate":"","_lmt_disable":"","footnotes":""},"categories":[34],"tags":[],"class_list":["post-256831","post","type-post","status-publish","format-standard","has-post-thumbnail","hentry","category-butun-xeberler"],"_links":{"self":[{"href":"https:\/\/ucnoqta.az\/index.php?rest_route=\/wp\/v2\/posts\/256831","targetHints":{"allow":["GET"]}}],"collection":[{"href":"https:\/\/ucnoqta.az\/index.php?rest_route=\/wp\/v2\/posts"}],"about":[{"href":"https:\/\/ucnoqta.az\/index.php?rest_route=\/wp\/v2\/types\/post"}],"author":[{"embeddable":true,"href":"https:\/\/ucnoqta.az\/index.php?rest_route=\/wp\/v2\/users\/2"}],"replies":[{"embeddable":true,"href":"https:\/\/ucnoqta.az\/index.php?rest_route=%2Fwp%2Fv2%2Fcomments&post=256831"}],"version-history":[{"count":0,"href":"https:\/\/ucnoqta.az\/index.php?rest_route=\/wp\/v2\/posts\/256831\/revisions"}],"wp:featuredmedia":[{"embeddable":true,"href":"https:\/\/ucnoqta.az\/index.php?rest_route=\/wp\/v2\/media\/256832"}],"wp:attachment":[{"href":"https:\/\/ucnoqta.az\/index.php?rest_route=%2Fwp%2Fv2%2Fmedia&parent=256831"}],"wp:term":[{"taxonomy":"category","embeddable":true,"href":"https:\/\/ucnoqta.az\/index.php?rest_route=%2Fwp%2Fv2%2Fcategories&post=256831"},{"taxonomy":"post_tag","embeddable":true,"href":"https:\/\/ucnoqta.az\/index.php?rest_route=%2Fwp%2Fv2%2Ftags&post=256831"}],"curies":[{"name":"wp","href":"https:\/\/api.w.org\/{rel}","templated":true}]}}