{"id":256810,"date":"2026-09-01T21:23:11","date_gmt":"2026-09-01T17:23:11","guid":{"rendered":"https:\/\/ucnoqta.az\/?p=256810"},"modified":"2026-09-01T21:23:11","modified_gmt":"2026-09-01T17:23:11","slug":"almaniya-berlind%c9%99ki-rusiya-evi-il%c9%99-bagli-sazisi-l%c9%99gv-edir","status":"publish","type":"post","link":"https:\/\/ucnoqta.az\/?p=256810","title":{"rendered":"Almaniya Berlind\u0259ki Rusiya Evi il\u0259 ba\u011fl\u0131 sazi\u015fi l\u0259\u011fv edir"},"content":{"rendered":"<p class=\"isSelectedEnd\"><strong>Almaniya h\u00f6kum\u0259ti avqustun \u0259vv\u0259lind\u0259 Leypsiq\/Halle hava liman\u0131nda a\u015fkar edil\u0259n pilotsuz u\u00e7u\u015f aparat\u0131 il\u0259 ba\u011fl\u0131 insident s\u0259b\u0259bind\u0259n Berlind\u0259ki Rusiya Evinin f\u0259aliyy\u0259ti haqq\u0131nda sazi\u015fi l\u0259\u011fv etm\u0259k q\u0259rar\u0131na g\u0259lib.<\/strong><\/p>\n<p class=\"isSelectedEnd\">Ucnoqta.az x\u0259b\u0259r verir ki, bu bar\u0259d\u0259 Almaniyan\u0131n xarici i\u015fl\u0259r naziri \u0130ohann Vadeful bildirib.<\/p>\n<p class=\"isSelectedEnd\">Onun s\u00f6zl\u0259rin\u0259 g\u00f6r\u0259, Rusiya Leypsiqd\u0259 ba\u015f verdiyi iddia edil\u0259n \u201chibrid h\u00fccuma\u201d g\u00f6r\u0259 m\u0259suliyy\u0259t da\u015f\u0131y\u0131r.<\/p>\n<p class=\"isSelectedEnd\">\u201cFederal h\u00f6kum\u0259t NATO v\u0259 Avropa \u0130ttifaq\u0131ndak\u0131 t\u0259r\u0259fda\u015flar\u0131 il\u0259 \u00f6z f\u0259aliyy\u0259tini s\u0131x \u015f\u0259kild\u0259 \u0259laq\u0259l\u0259ndirir. O, t\u0259r\u0259fda\u015flar\u0131n\u0131n d\u0259st\u0259yind\u0259n yararlan\u0131r v\u0259 \u00f6z n\u00f6vb\u0259sind\u0259 onlar\u0131 d\u0259st\u0259kl\u0259yir. Almaniya t\u0259hl\u00fck\u0259sizlik siyas\u0259tind\u0259ki kursunu davam etdirir\u201d, \u2013 Vadeful Berlind\u0259 ke\u00e7iril\u0259n m\u0259tbuat konfrans\u0131nda deyib.<\/p>\n<p>\u201cBerlind\u0259ki Rusiya Evinin f\u0259aliyy\u0259ti haqq\u0131nda sazi\u015f l\u0259\u011fv edilir\u201d, \u2013 dey\u0259 Almaniya X\u0130N r\u0259hb\u0259ri bildirib.<\/p>\n","protected":false},"excerpt":{"rendered":"<p>Almaniya h\u00f6kum\u0259ti avqustun \u0259vv\u0259lind\u0259 Leypsiq\/Halle hava liman\u0131nda a\u015fkar edil\u0259n pilotsuz u\u00e7u\u015f aparat\u0131 il\u0259 ba\u011fl\u0131 insident s\u0259b\u0259bind\u0259n Berlind\u0259ki Rusiya Evinin f\u0259aliyy\u0259ti haqq\u0131nda sazi\u015fi l\u0259\u011fv etm\u0259k q\u0259rar\u0131na g\u0259lib. Ucnoqta.az x\u0259b\u0259r verir ki,&hellip;<\/p>\n","protected":false},"author":2,"featured_media":256811,"comment_status":"closed","ping_status":"closed","sticky":false,"template":"","format":"standard","meta":{"_lmt_disableupdate":"","_lmt_disable":"","footnotes":""},"categories":[89],"tags":[],"class_list":["post-256810","post","type-post","status-publish","format-standard","has-post-thumbnail","hentry","category-dunya-butun-xeberler"],"_links":{"self":[{"href":"https:\/\/ucnoqta.az\/index.php?rest_route=\/wp\/v2\/posts\/256810","targetHints":{"allow":["GET"]}}],"collection":[{"href":"https:\/\/ucnoqta.az\/index.php?rest_route=\/wp\/v2\/posts"}],"about":[{"href":"https:\/\/ucnoqta.az\/index.php?rest_route=\/wp\/v2\/types\/post"}],"author":[{"embeddable":true,"href":"https:\/\/ucnoqta.az\/index.php?rest_route=\/wp\/v2\/users\/2"}],"replies":[{"embeddable":true,"href":"https:\/\/ucnoqta.az\/index.php?rest_route=%2Fwp%2Fv2%2Fcomments&post=256810"}],"version-history":[{"count":0,"href":"https:\/\/ucnoqta.az\/index.php?rest_route=\/wp\/v2\/posts\/256810\/revisions"}],"wp:featuredmedia":[{"embeddable":true,"href":"https:\/\/ucnoqta.az\/index.php?rest_route=\/wp\/v2\/media\/256811"}],"wp:attachment":[{"href":"https:\/\/ucnoqta.az\/index.php?rest_route=%2Fwp%2Fv2%2Fmedia&parent=256810"}],"wp:term":[{"taxonomy":"category","embeddable":true,"href":"https:\/\/ucnoqta.az\/index.php?rest_route=%2Fwp%2Fv2%2Fcategories&post=256810"},{"taxonomy":"post_tag","embeddable":true,"href":"https:\/\/ucnoqta.az\/index.php?rest_route=%2Fwp%2Fv2%2Ftags&post=256810"}],"curies":[{"name":"wp","href":"https:\/\/api.w.org\/{rel}","templated":true}]}}