{"id":256800,"date":"2026-09-01T18:30:43","date_gmt":"2026-09-01T14:30:43","guid":{"rendered":"https:\/\/ucnoqta.az\/?p=256800"},"modified":"2026-09-01T18:30:43","modified_gmt":"2026-09-01T14:30:43","slug":"ai-mudafi%c9%99-nazirl%c9%99ri-kiyev-ucun-patriot-raketl%c9%99rinin-axtarisinda-ir%c9%99lil%c9%99yis-%c9%99ld%c9%99-etm%c9%99yib","status":"publish","type":"post","link":"https:\/\/ucnoqta.az\/?p=256800","title":{"rendered":"A\u0130 m\u00fcdafi\u0259 nazirl\u0259ri Kiyev \u00fc\u00e7\u00fcn \u201cPatriot\u201d raketl\u0259rinin axtar\u0131\u015f\u0131nda ir\u0259lil\u0259yi\u015f \u0259ld\u0259 etm\u0259yib"},"content":{"rendered":"<p data-start=\"96\" data-end=\"321\"><strong>A\u0130 \u00f6lk\u0259l\u0259rinin m\u00fcdafi\u0259 nazirl\u0259ri \u0130rlandiyada ke\u00e7iril\u0259n qeyri-r\u0259smi g\u00f6r\u00fc\u015f zaman\u0131 Kiyev \u00fc\u00e7\u00fcn \u201cPatriot\u201d raketl\u0259rinin tap\u0131lmas\u0131 il\u0259 ba\u011fl\u0131 \u201che\u00e7 bir ir\u0259lil\u0259yi\u015f\u0259\u201d nail olmay\u0131blar. G\u00f6r\u00fc\u015fd\u0259 yaln\u0131z \u00e7a\u011f\u0131r\u0131\u015flar v\u0259 m\u00fczakir\u0259l\u0259r apar\u0131l\u0131b.<\/strong><\/p>\n<p data-start=\"323\" data-end=\"441\">Ucnoqta.az x\u0259b\u0259r evrir ki, bu bar\u0259d\u0259 g\u00f6r\u00fc\u015f\u00fcn yekunlar\u0131na dair m\u0259tbuat konfrans\u0131nda A\u0130-nin xarici siyas\u0259t xidm\u0259tinin r\u0259hb\u0259ri Kaya Kallas bildirib.<\/p>\n<p data-start=\"443\" data-end=\"778\" data-is-last-node=\"\" data-is-only-node=\"\">\u201cPatriot\u201d raketl\u0259rin\u0259 g\u0259linc\u0259, bu g\u00fcn he\u00e7 bir konkret q\u0259rara nail olmad\u0131q. Lakin bu raketl\u0259rl\u0259 ba\u011fl\u0131 \u00e7a\u011f\u0131r\u0131\u015flar v\u0259 m\u00fczakir\u0259l\u0259r oldu v\u0259 onlar davam ed\u0259c\u0259k. T\u0259\u0259ss\u00fcf ki, bu g\u00fcn he\u00e7 bir ir\u0259lil\u0259yi\u015f \u0259ld\u0259 edilm\u0259di\u201d, \u2013 dey\u0259 Kallas Kiyev rejimi \u00fc\u00e7\u00fcn hava h\u00fccumundan m\u00fcdafi\u0259 vasit\u0259l\u0259rinin tap\u0131l\u0131b-tap\u0131lmad\u0131\u011f\u0131 il\u0259 ba\u011fl\u0131 suala cavab\u0131nda qeyd edib.<\/p>\n","protected":false},"excerpt":{"rendered":"<p>A\u0130 \u00f6lk\u0259l\u0259rinin m\u00fcdafi\u0259 nazirl\u0259ri \u0130rlandiyada ke\u00e7iril\u0259n qeyri-r\u0259smi g\u00f6r\u00fc\u015f zaman\u0131 Kiyev \u00fc\u00e7\u00fcn \u201cPatriot\u201d raketl\u0259rinin tap\u0131lmas\u0131 il\u0259 ba\u011fl\u0131 \u201che\u00e7 bir ir\u0259lil\u0259yi\u015f\u0259\u201d nail olmay\u0131blar. G\u00f6r\u00fc\u015fd\u0259 yaln\u0131z \u00e7a\u011f\u0131r\u0131\u015flar v\u0259 m\u00fczakir\u0259l\u0259r apar\u0131l\u0131b. Ucnoqta.az x\u0259b\u0259r evrir&hellip;<\/p>\n","protected":false},"author":2,"featured_media":256801,"comment_status":"closed","ping_status":"closed","sticky":false,"template":"","format":"standard","meta":{"_lmt_disableupdate":"","_lmt_disable":"","footnotes":""},"categories":[34],"tags":[],"class_list":["post-256800","post","type-post","status-publish","format-standard","has-post-thumbnail","hentry","category-butun-xeberler"],"_links":{"self":[{"href":"https:\/\/ucnoqta.az\/index.php?rest_route=\/wp\/v2\/posts\/256800","targetHints":{"allow":["GET"]}}],"collection":[{"href":"https:\/\/ucnoqta.az\/index.php?rest_route=\/wp\/v2\/posts"}],"about":[{"href":"https:\/\/ucnoqta.az\/index.php?rest_route=\/wp\/v2\/types\/post"}],"author":[{"embeddable":true,"href":"https:\/\/ucnoqta.az\/index.php?rest_route=\/wp\/v2\/users\/2"}],"replies":[{"embeddable":true,"href":"https:\/\/ucnoqta.az\/index.php?rest_route=%2Fwp%2Fv2%2Fcomments&post=256800"}],"version-history":[{"count":0,"href":"https:\/\/ucnoqta.az\/index.php?rest_route=\/wp\/v2\/posts\/256800\/revisions"}],"wp:featuredmedia":[{"embeddable":true,"href":"https:\/\/ucnoqta.az\/index.php?rest_route=\/wp\/v2\/media\/256801"}],"wp:attachment":[{"href":"https:\/\/ucnoqta.az\/index.php?rest_route=%2Fwp%2Fv2%2Fmedia&parent=256800"}],"wp:term":[{"taxonomy":"category","embeddable":true,"href":"https:\/\/ucnoqta.az\/index.php?rest_route=%2Fwp%2Fv2%2Fcategories&post=256800"},{"taxonomy":"post_tag","embeddable":true,"href":"https:\/\/ucnoqta.az\/index.php?rest_route=%2Fwp%2Fv2%2Ftags&post=256800"}],"curies":[{"name":"wp","href":"https:\/\/api.w.org\/{rel}","templated":true}]}}