{"id":256795,"date":"2026-09-01T18:24:02","date_gmt":"2026-09-01T14:24:02","guid":{"rendered":"https:\/\/ucnoqta.az\/?p=256795"},"modified":"2026-09-01T18:24:02","modified_gmt":"2026-09-01T14:24:02","slug":"abs-v%c9%99-cin-iran-%c9%99trafindaki-v%c9%99ziyy%c9%99ti-muzakir%c9%99-edir-bessent","status":"publish","type":"post","link":"https:\/\/ucnoqta.az\/?p=256795","title":{"rendered":"AB\u015e v\u0259 \u00c7in \u0130ran \u0259traf\u0131ndak\u0131 v\u0259ziyy\u0259ti m\u00fczakir\u0259 edir &#8211; Bessent"},"content":{"rendered":"<p class=\"isSelectedEnd\"><strong>AB\u015e v\u0259 \u00c7in \u0130ran \u0259traf\u0131ndak\u0131 v\u0259ziyy\u0259tl\u0259 ba\u011fl\u0131 m\u0259sl\u0259h\u0259tl\u0259\u015fm\u0259l\u0259r apar\u0131r v\u0259 bir \u00e7ox m\u0259s\u0259l\u0259l\u0259rd\u0259 eyni m\u00f6vqed\u0259n \u00e7\u0131x\u0131\u015f edirl\u0259r.<\/strong><\/p>\n<p class=\"isSelectedEnd\">Ucnoqta.az x\u0259b\u0259r verir ki, bu bar\u0259d\u0259 AB\u015e-\u0131n maliyy\u0259 naziri Skott Bessent A\u015fvild\u0259 ke\u00e7iril\u0259n \u201cB\u00f6y\u00fck iyirmilik\u201d (G20) \u00f6lk\u0259l\u0259rinin maliyy\u0259 nazirl\u0259ri v\u0259 m\u0259rk\u0259zi bank r\u0259hb\u0259rl\u0259rinin iclas\u0131 \u00e7\u0259r\u00e7iv\u0259sind\u0259 jurnalistl\u0259rin suallar\u0131n\u0131 cavabland\u0131rark\u0259n bildirib.<\/p>\n<p>\u201cM\u0259nd\u0259n ham\u0131 soru\u015fur: \u201cB\u0259s \u00c7in nec\u0259?\u201d M\u0259n cavab verir\u0259m: \u201c\u0130ran m\u0259s\u0259l\u0259sind\u0259 \u00c7inl\u0259 fikir ayr\u0131l\u0131qlar\u0131m\u0131zdan daha \u00e7ox ortaq m\u00f6vqeyimiz var. \u00c7in \u0130ran\u0131n n\u00fcv\u0259 silah\u0131na malik olmamal\u0131 oldu\u011fu il\u0259 raz\u0131d\u0131r. \u00c7in H\u00f6rm\u00fcz bo\u011faz\u0131nda g\u0259mi\u00e7iliyin azadl\u0131\u011f\u0131n\u0131n t\u0259min edilm\u0259li oldu\u011fu il\u0259 raz\u0131d\u0131r. Buna g\u00f6r\u0259 d\u0259 bu m\u0259qs\u0259dl\u0259r\u0259 nail olmaq \u00fc\u00e7\u00fcn \u00c7inl\u0259 qapal\u0131 dan\u0131\u015f\u0131qlar aparm\u0131\u015f\u0131q\u201d, \u2013 dey\u0259 Bessent qeyd edib.<\/p>\n","protected":false},"excerpt":{"rendered":"<p>AB\u015e v\u0259 \u00c7in \u0130ran \u0259traf\u0131ndak\u0131 v\u0259ziyy\u0259tl\u0259 ba\u011fl\u0131 m\u0259sl\u0259h\u0259tl\u0259\u015fm\u0259l\u0259r apar\u0131r v\u0259 bir \u00e7ox m\u0259s\u0259l\u0259l\u0259rd\u0259 eyni m\u00f6vqed\u0259n \u00e7\u0131x\u0131\u015f edirl\u0259r. Ucnoqta.az x\u0259b\u0259r verir ki, bu bar\u0259d\u0259 AB\u015e-\u0131n maliyy\u0259 naziri Skott Bessent A\u015fvild\u0259 ke\u00e7iril\u0259n&hellip;<\/p>\n","protected":false},"author":2,"featured_media":255600,"comment_status":"closed","ping_status":"closed","sticky":false,"template":"","format":"standard","meta":{"_lmt_disableupdate":"","_lmt_disable":"","footnotes":""},"categories":[89],"tags":[],"class_list":["post-256795","post","type-post","status-publish","format-standard","has-post-thumbnail","hentry","category-dunya-butun-xeberler"],"_links":{"self":[{"href":"https:\/\/ucnoqta.az\/index.php?rest_route=\/wp\/v2\/posts\/256795","targetHints":{"allow":["GET"]}}],"collection":[{"href":"https:\/\/ucnoqta.az\/index.php?rest_route=\/wp\/v2\/posts"}],"about":[{"href":"https:\/\/ucnoqta.az\/index.php?rest_route=\/wp\/v2\/types\/post"}],"author":[{"embeddable":true,"href":"https:\/\/ucnoqta.az\/index.php?rest_route=\/wp\/v2\/users\/2"}],"replies":[{"embeddable":true,"href":"https:\/\/ucnoqta.az\/index.php?rest_route=%2Fwp%2Fv2%2Fcomments&post=256795"}],"version-history":[{"count":0,"href":"https:\/\/ucnoqta.az\/index.php?rest_route=\/wp\/v2\/posts\/256795\/revisions"}],"wp:featuredmedia":[{"embeddable":true,"href":"https:\/\/ucnoqta.az\/index.php?rest_route=\/wp\/v2\/media\/255600"}],"wp:attachment":[{"href":"https:\/\/ucnoqta.az\/index.php?rest_route=%2Fwp%2Fv2%2Fmedia&parent=256795"}],"wp:term":[{"taxonomy":"category","embeddable":true,"href":"https:\/\/ucnoqta.az\/index.php?rest_route=%2Fwp%2Fv2%2Fcategories&post=256795"},{"taxonomy":"post_tag","embeddable":true,"href":"https:\/\/ucnoqta.az\/index.php?rest_route=%2Fwp%2Fv2%2Ftags&post=256795"}],"curies":[{"name":"wp","href":"https:\/\/api.w.org\/{rel}","templated":true}]}}