{"id":256791,"date":"2026-09-01T17:11:48","date_gmt":"2026-09-01T13:11:48","guid":{"rendered":"https:\/\/ucnoqta.az\/?p=256791"},"modified":"2026-09-01T17:11:48","modified_gmt":"2026-09-01T13:11:48","slug":"9-ay-onc%c9%99-h%c9%99bs-edil%c9%99n-m%c9%99sqci-v%c9%99-t%c9%99l%c9%99b%c9%99si-azadliga-cixdi","status":"publish","type":"post","link":"https:\/\/ucnoqta.az\/?p=256791","title":{"rendered":"9 ay \u00f6nc\u0259 h\u0259bs edil\u0259n m\u0259\u015fq\u00e7i v\u0259 t\u0259l\u0259b\u0259si azadl\u0131\u011fa \u00e7\u0131xd\u0131"},"content":{"rendered":"<p>9 ay \u00f6nc\u0259 h\u0259bs edil\u0259n kikboks \u00fczr\u0259 tan\u0131nm\u0131\u015f m\u0259\u015fq\u00e7i Tulin \u018fl\u0259kb\u0259rova v\u0259 onun t\u0259l\u0259b\u0259si Abbas R\u0259himli azadl\u0131\u011fa burax\u0131l\u0131b.<\/p>\n<p>Ucnoqta.az x\u0259b\u0259r verir ki, bu bar\u0259d\u0259 ekskl\u00fcziv olaraq &#8220;Unikal&#8221;a Tulin \u018fl\u0259kb\u0259rovan\u0131n v\u0259kili Natiq \u018fliyev m\u0259lumat verib.<\/p>\n<p>V\u0259kilin s\u00f6zl\u0259rin\u0259 g\u00f6r\u0259, Tulin \u018fl\u0259kb\u0259rovaya v\u0259 Abbas R\u0259himliy\u0259 qar\u015f\u0131 ir\u0259li s\u00fcr\u00fcl\u0259n ittiham \u00fczr\u0259 onlar\u0131n t\u0259qsiri s\u00fcbuta yetirilm\u0259diyind\u0259n bar\u0259l\u0259rind\u0259 apar\u0131lan cinay\u0259t i\u015fi istintaq orqan\u0131 t\u0259r\u0259find\u0259n xitam verilib.<\/p>\n<p>Bununla da xan\u0131m idman\u00e7\u0131 v\u0259 t\u0259l\u0259b\u0259si bu g\u00fcn azadl\u0131\u011fa burax\u0131l\u0131b.<\/p>\n<p>Qeyd ed\u0259k ki, hadis\u0259 2025-ci il dekabr\u0131n 4-d\u0259 Ab\u015feron rayonu \u0259razisind\u0259 ba\u015f verib. Bel\u0259 ki, 2004-c\u00fc il t\u0259v\u0259ll\u00fcdl\u00fc \u015f\u0259xs\u0259 qar\u015f\u0131 quldurluq cinay\u0259ti olub. Ab\u015feron rayon polis idar\u0259sinin \u0259m\u0259kda\u015flar\u0131 t\u0259r\u0259find\u0259n ke\u00e7iril\u0259n t\u0259dbirl\u0259rl\u0259 Tulin \u018fl\u0259kb\u0259rova v\u0259 onun t\u0259l\u0259b\u0259si Abbas R\u0259himli \u015f\u00fcbh\u0259li \u015f\u0259xs qismind\u0259 saxlan\u0131l\u0131blar.<\/p>\n<p>2025-ci ilin dekabr\u0131n 6-da is\u0259 Ab\u015feron Rayon M\u0259hk\u0259m\u0259sind\u0259 h\u0259r iki \u015f\u0259xs bar\u0259sind\u0259 4 ay m\u00fcdd\u0259tin\u0259 h\u0259bs q\u0259timkan t\u0259dbiri se\u00e7ilib.<\/p>\n<p>Onlara qar\u015f\u0131 Cinay\u0259t M\u0259c\u0259ll\u0259sinin 181.2.1-ci (qabaqcadan \u0259lbir olan bir qrup \u015f\u0259xs t\u0259r\u0259find\u0259n quldurluq t\u00f6r\u0259dilm\u0259si) v\u0259 181.2.5-ci (silah v\u0259 ya silah qismind\u0259 istifad\u0259 edil\u0259n \u0259\u015fyalar t\u0259tbiq edilm\u0259kl\u0259 quldurluq) madd\u0259l\u0259ri il\u0259 ittiham ir\u0259li s\u00fcr\u00fclm\u00fc\u015fd\u00fc.<\/p>\n","protected":false},"excerpt":{"rendered":"<p>9 ay \u00f6nc\u0259 h\u0259bs edil\u0259n kikboks \u00fczr\u0259 tan\u0131nm\u0131\u015f m\u0259\u015fq\u00e7i Tulin \u018fl\u0259kb\u0259rova v\u0259 onun t\u0259l\u0259b\u0259si Abbas R\u0259himli azadl\u0131\u011fa burax\u0131l\u0131b. Ucnoqta.az x\u0259b\u0259r verir ki, bu bar\u0259d\u0259 ekskl\u00fcziv olaraq &#8220;Unikal&#8221;a Tulin \u018fl\u0259kb\u0259rovan\u0131n v\u0259kili&hellip;<\/p>\n","protected":false},"author":2,"featured_media":251817,"comment_status":"closed","ping_status":"closed","sticky":false,"template":"","format":"standard","meta":{"_lmt_disableupdate":"","_lmt_disable":"","footnotes":""},"categories":[34],"tags":[],"class_list":["post-256791","post","type-post","status-publish","format-standard","has-post-thumbnail","hentry","category-butun-xeberler"],"_links":{"self":[{"href":"https:\/\/ucnoqta.az\/index.php?rest_route=\/wp\/v2\/posts\/256791","targetHints":{"allow":["GET"]}}],"collection":[{"href":"https:\/\/ucnoqta.az\/index.php?rest_route=\/wp\/v2\/posts"}],"about":[{"href":"https:\/\/ucnoqta.az\/index.php?rest_route=\/wp\/v2\/types\/post"}],"author":[{"embeddable":true,"href":"https:\/\/ucnoqta.az\/index.php?rest_route=\/wp\/v2\/users\/2"}],"replies":[{"embeddable":true,"href":"https:\/\/ucnoqta.az\/index.php?rest_route=%2Fwp%2Fv2%2Fcomments&post=256791"}],"version-history":[{"count":0,"href":"https:\/\/ucnoqta.az\/index.php?rest_route=\/wp\/v2\/posts\/256791\/revisions"}],"wp:featuredmedia":[{"embeddable":true,"href":"https:\/\/ucnoqta.az\/index.php?rest_route=\/wp\/v2\/media\/251817"}],"wp:attachment":[{"href":"https:\/\/ucnoqta.az\/index.php?rest_route=%2Fwp%2Fv2%2Fmedia&parent=256791"}],"wp:term":[{"taxonomy":"category","embeddable":true,"href":"https:\/\/ucnoqta.az\/index.php?rest_route=%2Fwp%2Fv2%2Fcategories&post=256791"},{"taxonomy":"post_tag","embeddable":true,"href":"https:\/\/ucnoqta.az\/index.php?rest_route=%2Fwp%2Fv2%2Ftags&post=256791"}],"curies":[{"name":"wp","href":"https:\/\/api.w.org\/{rel}","templated":true}]}}