{"id":256788,"date":"2026-09-01T15:45:20","date_gmt":"2026-09-01T11:45:20","guid":{"rendered":"https:\/\/ucnoqta.az\/?p=256788"},"modified":"2026-09-01T15:45:20","modified_gmt":"2026-09-01T11:45:20","slug":"k%c9%99nd-t%c9%99s%c9%99rrufati-t%c9%99yinatli-torpaqlarda-tikil%c9%99n-evl%c9%99r%c9%99-kupca-veril%c9%99c%c9%99k-aciqlama","status":"publish","type":"post","link":"https:\/\/ucnoqta.az\/?p=256788","title":{"rendered":"K\u0259nd t\u0259s\u0259rr\u00fcfat\u0131 t\u0259yinatl\u0131 torpaqlarda tikil\u0259n evl\u0259r\u0259 \u201ckup\u00e7a\u201d veril\u0259c\u0259k? &#8211; A\u00c7IQLAMA"},"content":{"rendered":"<p><strong>Az\u0259rbaycanda s\u0259n\u0259dsiz evl\u0259rin bir \u00e7oxu k\u0259nd t\u0259s\u0259rr\u00fcfat\u0131 t\u0259yinatl\u0131 torpaqlarda in\u015fa edilib. H\u0259min tikilil\u0259rin r\u0259smil\u0259\u015fdirilm\u0259si \u00f6lk\u0259mizd\u0259 aktual m\u0259s\u0259l\u0259l\u0259rd\u0259n biridir v\u0259 bu istiqam\u0259td\u0259 proses davam etm\u0259kd\u0259dir.<\/strong><\/p>\n<p>Az\u0259rbaycan Qiym\u0259tl\u0259ndiricil\u0259r C\u0259miyy\u0259tinin (AQC) s\u0259dri V\u00fcqar Oruc \u0130qtisadiyyat.az-a bildirib ki, haz\u0131rda on minl\u0259rl\u0259 ev k\u00fctl\u0259vi \u015f\u0259kild\u0259 k\u0259nd t\u0259s\u0259rr\u00fcfat\u0131 torpaqlar\u0131n\u0131n \u00fcz\u0259rind\u0259 in\u015fa olunub.<\/p>\n<p>Onun s\u00f6zl\u0259rin\u0259 g\u00f6r\u0259, faktiki olaraq h\u0259min evl\u0259rd\u0259 insanlar ya\u015fay\u0131r v\u0259 bu tikilil\u0259r f\u0259rdi ya\u015fay\u0131\u015f evi kimi \u00f6z m\u00f6vcudlu\u011funu davam etdirir: \u201cY\u0259ni v\u0259t\u0259nda\u015flar\u0131n faktiki m\u00fclkiyy\u0259ti m\u00f6vcuddur, lakin bu, h\u00fcquqi c\u0259h\u0259td\u0259n r\u0259smil\u0259\u015fm\u0259yib. \u00c7\u00fcnki s\u0259n\u0259dl\u0259rd\u0259ki uy\u011funsuzluq h\u0259min \u015f\u0259xsl\u0259r\u0259 m\u00fcvafiq d\u00f6vl\u0259t qurumlar\u0131ndan m\u00fclkiyy\u0259t h\u00fcququnu t\u0259sdiql\u0259y\u0259n v\u0259 ya\u015fay\u0131\u015fa icaz\u0259 ver\u0259n h\u00fcquqi s\u0259n\u0259d &#8211; \u00e7\u0131xar\u0131\u015f \u0259ld\u0259 etm\u0259y\u0259 imkan vermir. Lakin apar\u0131lan m\u00fczakir\u0259l\u0259r fonunda bu c\u00fcr t\u0259yinatlar\u0131n d\u0259yi\u015fm\u0259 mexanizml\u0259ri d\u0259 qeyd olunub. D\u00fc\u015f\u00fcn\u00fcr\u0259m ki, g\u0259l\u0259c\u0259kd\u0259 m\u0259hz k\u0259nd t\u0259s\u0259rr\u00fcfat\u0131 t\u0259yinatl\u0131 torpaqlar\u0131n \u00fcz\u0259rind\u0259 &#8211; y\u0259ni sayca kifay\u0259t q\u0259d\u0259r evin k\u00fctl\u0259vi \u015f\u0259kild\u0259 tikildiyi \u0259razil\u0259rd\u0259 h\u0259min torpaq sah\u0259l\u0259rinin statusunun ya\u015fay\u0131\u015f t\u0259yinat\u0131na d\u0259yi\u015fdirilm\u0259si istiqam\u0259tind\u0259 m\u00fc\u0259yy\u0259n layih\u0259l\u0259r icra oluna bil\u0259r\u201d.<\/p>\n<p>M\u00fct\u0259x\u0259ssis s\u00f6yl\u0259yib ki, burada m\u00fcvafiq qurumun qar\u015f\u0131s\u0131nda iki yol var: \u201cYa qanunvericiliy\u0259 \u0259sas\u0259n h\u0259min evl\u0259r qanunsuz oldu\u011funa g\u00f6r\u0259 s\u00f6k\u00fclm\u0259lidir, ya da onlar\u0131 qanunsuz ed\u0259n yegan\u0259 s\u0259b\u0259b aradan qald\u0131r\u0131lmal\u0131d\u0131r. Y\u0259ni torpaq sah\u0259sin\u0259 ya\u015fay\u0131\u015f t\u0259yinatl\u0131 status verilm\u0259lidir. Hesab edir\u0259m ki, h\u0259min evl\u0259rin \u00f6lk\u0259 iqtisadiyyat\u0131na qazand\u0131r\u0131lmas\u0131, iqtisadi d\u00f6vriyy\u0259y\u0259 daxil olmas\u0131 &#8211; qiym\u0259tl\u0259ndirm\u0259, s\u0131\u011forta, girov, b\u00fcdc\u0259y\u0259 vergi \u00f6d\u0259y\u0259n subyekt\u0259 \u00e7evrilm\u0259si, h\u0259m\u00e7inin miras olaraq v\u0259r\u0259s\u0259y\u0259 \u00f6t\u00fcr\u00fclm\u0259si v\u0259 alq\u0131-satq\u0131 obyekti olmas\u0131 \u00fc\u00e7\u00fcn torpaq sah\u0259sinin t\u0259yinat\u0131n\u0131n d\u0259yi\u015fdirilm\u0259sin\u0259 b\u00f6y\u00fck ehtiyac var. Bunun mexanizmi v\u0259 ya formas\u0131 is\u0259 \u0259mlak amnistiyas\u0131 \u015f\u0259klind\u0259 ola bil\u0259r ki, h\u0259min torpaqlar\u0131n statusu birba\u015fa d\u0259yi\u015fdirilsin\u201d.<br \/>\nV.Oruc bildirib ki, s\u0259n\u0259dl\u0259\u015fm\u0259 m\u0259s\u0259l\u0259si y\u00fcks\u0259k g\u0259rginlikli elektrik x\u0259tl\u0259rinin, kommunikasiya vasit\u0259l\u0259rinin alt\u0131nda, strateji \u0259h\u0259miyy\u0259tli, me\u015f\u0259 fonduna daxil \u0259razil\u0259rd\u0259 v\u0259 ya dig\u0259r qada\u011fan olunmu\u015f zonalarda yerl\u0259\u015f\u0259n evl\u0259ri \u0259hat\u0259 etm\u0259y\u0259c\u0259k:<\/p>\n<p>\u201cS\u00f6hb\u0259t yaln\u0131z dig\u0259r b\u00fct\u00fcn meyarlar \u00fczr\u0259 qanuni \u015f\u0259kild\u0259 in\u015fa olunmu\u015f, lakin t\u0259k problemi torpaq sah\u0259sinin statusunun uy\u011fun g\u0259lm\u0259m\u0259si olan evl\u0259rd\u0259n gedir ki, onlar\u0131 bir q\u0259rarla h\u0259ll etm\u0259k olar. Y\u0259ni h\u0259min evl\u0259r\u0259 amnistiya verm\u0259k olar. Bu, h\u0259m Az\u0259rbaycan d\u00f6vl\u0259tin\u0259, h\u0259m v\u0259t\u0259nda\u015flara, h\u0259m d\u0259 \u00f6lk\u0259 iqtisadiyyat\u0131na m\u00fcvafiq qurumun m\u00fch\u00fcm t\u00f6hf\u0259si olar v\u0259 \u0259n az\u0131 500 mind\u0259n \u00e7ox s\u0259n\u0259dsiz evin leqalla\u015fd\u0131r\u0131lmas\u0131 \u00fc\u00e7\u00fcn ciddi add\u0131m at\u0131lar\u201d.<\/p>\n","protected":false},"excerpt":{"rendered":"<p>Az\u0259rbaycanda s\u0259n\u0259dsiz evl\u0259rin bir \u00e7oxu k\u0259nd t\u0259s\u0259rr\u00fcfat\u0131 t\u0259yinatl\u0131 torpaqlarda in\u015fa edilib. H\u0259min tikilil\u0259rin r\u0259smil\u0259\u015fdirilm\u0259si \u00f6lk\u0259mizd\u0259 aktual m\u0259s\u0259l\u0259l\u0259rd\u0259n biridir v\u0259 bu istiqam\u0259td\u0259 proses davam etm\u0259kd\u0259dir. Az\u0259rbaycan Qiym\u0259tl\u0259ndiricil\u0259r C\u0259miyy\u0259tinin (AQC) s\u0259dri V\u00fcqar&hellip;<\/p>\n","protected":false},"author":2,"featured_media":256789,"comment_status":"closed","ping_status":"closed","sticky":false,"template":"","format":"standard","meta":{"_lmt_disableupdate":"","_lmt_disable":"","footnotes":""},"categories":[88],"tags":[],"class_list":["post-256788","post","type-post","status-publish","format-standard","has-post-thumbnail","hentry","category-ekonomika"],"_links":{"self":[{"href":"https:\/\/ucnoqta.az\/index.php?rest_route=\/wp\/v2\/posts\/256788","targetHints":{"allow":["GET"]}}],"collection":[{"href":"https:\/\/ucnoqta.az\/index.php?rest_route=\/wp\/v2\/posts"}],"about":[{"href":"https:\/\/ucnoqta.az\/index.php?rest_route=\/wp\/v2\/types\/post"}],"author":[{"embeddable":true,"href":"https:\/\/ucnoqta.az\/index.php?rest_route=\/wp\/v2\/users\/2"}],"replies":[{"embeddable":true,"href":"https:\/\/ucnoqta.az\/index.php?rest_route=%2Fwp%2Fv2%2Fcomments&post=256788"}],"version-history":[{"count":0,"href":"https:\/\/ucnoqta.az\/index.php?rest_route=\/wp\/v2\/posts\/256788\/revisions"}],"wp:featuredmedia":[{"embeddable":true,"href":"https:\/\/ucnoqta.az\/index.php?rest_route=\/wp\/v2\/media\/256789"}],"wp:attachment":[{"href":"https:\/\/ucnoqta.az\/index.php?rest_route=%2Fwp%2Fv2%2Fmedia&parent=256788"}],"wp:term":[{"taxonomy":"category","embeddable":true,"href":"https:\/\/ucnoqta.az\/index.php?rest_route=%2Fwp%2Fv2%2Fcategories&post=256788"},{"taxonomy":"post_tag","embeddable":true,"href":"https:\/\/ucnoqta.az\/index.php?rest_route=%2Fwp%2Fv2%2Ftags&post=256788"}],"curies":[{"name":"wp","href":"https:\/\/api.w.org\/{rel}","templated":true}]}}