{"id":256773,"date":"2026-09-01T15:07:16","date_gmt":"2026-09-01T11:07:16","guid":{"rendered":"https:\/\/ucnoqta.az\/?p=256773"},"modified":"2026-09-01T15:07:16","modified_gmt":"2026-09-01T11:07:16","slug":"sahib%c9%99-qafarova-bu-v%c9%99zif%c9%99y%c9%99-namiz%c9%99dliyini-ir%c9%99li-surdu","status":"publish","type":"post","link":"https:\/\/ucnoqta.az\/?p=256773","title":{"rendered":"Sahib\u0259 Qafarova bu v\u0259zif\u0259y\u0259 namiz\u0259dliyini ir\u0259li s\u00fcrd\u00fc"},"content":{"rendered":"<p><strong>Az\u0259rbaycan Milli M\u0259clisinin s\u0259dri Sahib\u0259 Qafarovan\u0131n Parlamentl\u0259raras\u0131 \u0130ttifaq\u0131n (PA\u0130) Ba\u015f katibi v\u0259zif\u0259sin\u0259 namiz\u0259dliyi ir\u0259li s\u00fcr\u00fcl\u00fcb.<\/strong><\/p>\n<p>Ucnoqta.az &#8220;Report&#8221;-a istinad\u0259n x\u0259b\u0259r verir ki, spiker bu bar\u0259d\u0259 Serbiyan\u0131n paytaxt\u0131 Belqrad \u015f\u0259h\u0259rind\u0259 Qo\u015fulmama H\u0259r\u0259kat\u0131n\u0131n 65-ci ild\u00f6n\u00fcm\u00fcn\u0259 h\u0259sr olunmu\u015f t\u0259dbird\u0259 deyib.<\/p>\n<p>&#8220;Parlamentl\u0259raras\u0131 \u0130ttifaqda r\u0259hb\u0259r v\u0259zif\u0259y\u0259 namiz\u0259dliyimin ir\u0259li s\u00fcr\u00fclm\u0259si m\u0259nim \u00fc\u00e7\u00fcn b\u00f6y\u00fck \u015f\u0259r\u0259fdir. Se\u00e7kil\u0259r bu ilin oktyabr ay\u0131nda Tanzaniyada ke\u00e7iril\u0259c\u0259k v\u0259 h\u0259min vaxt Assambleya da t\u0259\u015fkil olunacaq&#8221;, \u2013 dey\u0259 o bildirib.<\/p>\n<p>S.Qafarova se\u00e7il\u0259c\u0259yi t\u0259qdird\u0259 bu v\u0259zif\u0259ni Qo\u015fulmama H\u0259r\u0259kat\u0131na \u00fczv \u00f6lk\u0259l\u0259rin n\u00fcmay\u0259nd\u0259l\u0259rinin i\u015ftirak\u0131 v\u0259 d\u0259st\u0259yi il\u0259 h\u0259yata ke\u00e7irm\u0259yin onun \u00fc\u00e7\u00fcn b\u00f6y\u00fck \u015f\u0259r\u0259f olaca\u011f\u0131n\u0131 s\u00f6yl\u0259yib.<\/p>\n<p>Milli M\u0259clisin s\u0259dri \u00e7\u0131x\u0131\u015f\u0131n\u0131n sonunda Qo\u015fulmama H\u0259r\u0259kat\u0131n\u0131n yarad\u0131lmas\u0131n\u0131n 65-ci ild\u00f6n\u00fcm\u00fcn\u00fcn qurucu liderl\u0259rin irsin\u0259 ehtiram g\u00f6st\u0259rilm\u0259si bax\u0131m\u0131ndan m\u00fch\u00fcm \u0259h\u0259miyy\u0259t da\u015f\u0131d\u0131\u011f\u0131n\u0131 qeyd edib.<\/p>\n<p>&#8220;Biz t\u0259\u015fkilat\u0131n qurucular\u0131n\u0131 xat\u0131rlamal\u0131, onlara ehtiram\u0131m\u0131z\u0131 bildirm\u0259li v\u0259 onlar\u0131n irsini g\u0259l\u0259c\u0259y\u0259 da\u015f\u0131ma\u011fa davam etm\u0259liyik. Onlar\u0131n prinsipl\u0259ri bizim g\u0259l\u0259c\u0259yimizin a\u00e7ar\u0131d\u0131r. Bizim kollektiv m\u0259suliyy\u0259timiz H\u0259r\u0259kat\u0131n birliyini qorumaq, onun s\u0259sini g\u00fccl\u0259ndirm\u0259k v\u0259 s\u00fclh\u0259, dayan\u0131ql\u0131 inki\u015fafa, daha \u0259dal\u0259tli v\u0259 b\u0259rab\u0259rh\u00fcquqlu beyn\u0259lxalq nizama t\u00f6hf\u0259sini art\u0131rmaqd\u0131r&#8221;, \u2013 dey\u0259 S.Qafarova vur\u011fulay\u0131b.<\/p>\n","protected":false},"excerpt":{"rendered":"<p>Az\u0259rbaycan Milli M\u0259clisinin s\u0259dri Sahib\u0259 Qafarovan\u0131n Parlamentl\u0259raras\u0131 \u0130ttifaq\u0131n (PA\u0130) Ba\u015f katibi v\u0259zif\u0259sin\u0259 namiz\u0259dliyi ir\u0259li s\u00fcr\u00fcl\u00fcb. Ucnoqta.az &#8220;Report&#8221;-a istinad\u0259n x\u0259b\u0259r verir ki, spiker bu bar\u0259d\u0259 Serbiyan\u0131n paytaxt\u0131 Belqrad \u015f\u0259h\u0259rind\u0259 Qo\u015fulmama H\u0259r\u0259kat\u0131n\u0131n&hellip;<\/p>\n","protected":false},"author":2,"featured_media":256774,"comment_status":"closed","ping_status":"closed","sticky":false,"template":"","format":"standard","meta":{"_lmt_disableupdate":"","_lmt_disable":"","footnotes":""},"categories":[34],"tags":[],"class_list":["post-256773","post","type-post","status-publish","format-standard","has-post-thumbnail","hentry","category-butun-xeberler"],"_links":{"self":[{"href":"https:\/\/ucnoqta.az\/index.php?rest_route=\/wp\/v2\/posts\/256773","targetHints":{"allow":["GET"]}}],"collection":[{"href":"https:\/\/ucnoqta.az\/index.php?rest_route=\/wp\/v2\/posts"}],"about":[{"href":"https:\/\/ucnoqta.az\/index.php?rest_route=\/wp\/v2\/types\/post"}],"author":[{"embeddable":true,"href":"https:\/\/ucnoqta.az\/index.php?rest_route=\/wp\/v2\/users\/2"}],"replies":[{"embeddable":true,"href":"https:\/\/ucnoqta.az\/index.php?rest_route=%2Fwp%2Fv2%2Fcomments&post=256773"}],"version-history":[{"count":0,"href":"https:\/\/ucnoqta.az\/index.php?rest_route=\/wp\/v2\/posts\/256773\/revisions"}],"wp:featuredmedia":[{"embeddable":true,"href":"https:\/\/ucnoqta.az\/index.php?rest_route=\/wp\/v2\/media\/256774"}],"wp:attachment":[{"href":"https:\/\/ucnoqta.az\/index.php?rest_route=%2Fwp%2Fv2%2Fmedia&parent=256773"}],"wp:term":[{"taxonomy":"category","embeddable":true,"href":"https:\/\/ucnoqta.az\/index.php?rest_route=%2Fwp%2Fv2%2Fcategories&post=256773"},{"taxonomy":"post_tag","embeddable":true,"href":"https:\/\/ucnoqta.az\/index.php?rest_route=%2Fwp%2Fv2%2Ftags&post=256773"}],"curies":[{"name":"wp","href":"https:\/\/api.w.org\/{rel}","templated":true}]}}