{"id":256768,"date":"2026-09-01T14:50:35","date_gmt":"2026-09-01T10:50:35","guid":{"rendered":"https:\/\/ucnoqta.az\/?p=256768"},"modified":"2026-09-01T14:50:35","modified_gmt":"2026-09-01T10:50:35","slug":"qarabag-muharib%c9%99l%c9%99rind%c9%99-itkin-dus%c9%99nl%c9%99rl%c9%99-bagli-son-r%c9%99q%c9%99ml%c9%99r-aciqlanib","status":"publish","type":"post","link":"https:\/\/ucnoqta.az\/?p=256768","title":{"rendered":"Qaraba\u011f m\u00fcharib\u0259l\u0259rind\u0259 itkin d\u00fc\u015f\u0259nl\u0259rl\u0259 ba\u011fl\u0131 son r\u0259q\u0259ml\u0259r a\u00e7\u0131qlan\u0131b"},"content":{"rendered":"<p><strong>Birinci v\u0259 \u0130kinci Qaraba\u011f m\u00fcharib\u0259l\u0259ri il\u0259 \u0259laq\u0259dar 4 010 Az\u0259rbaycan v\u0259t\u0259nda\u015f\u0131 itkin d\u00fc\u015fm\u00fc\u015f \u015f\u0259xs kimi qeydiyyatdad\u0131r.<\/strong><\/p>\n<p>Bu bar\u0259d\u0259 Az\u0259rbaycan Respublikas\u0131n\u0131n \u018fsir v\u0259 itkin d\u00fc\u015fm\u00fc\u015f, girov g\u00f6t\u00fcr\u00fclm\u00fc\u015f v\u0259t\u0259nda\u015flarla \u0259laq\u0259dar D\u00f6vl\u0259t Komissiyas\u0131n\u0131n 31 avqust 2026-c\u0131 il tarixin\u0259 olan m\u0259lumatlar\u0131nda bildirilib.<\/p>\n<p>M\u0259lumata g\u00f6r\u0259, itkin d\u00fc\u015fm\u00fc\u015f \u015f\u0259xsl\u0259rin 4 004-\u00fc Birinci Qaraba\u011f m\u00fcharib\u0259si, 6-s\u0131 is\u0259 \u0130kinci Qaraba\u011f m\u00fcharib\u0259si il\u0259 ba\u011fl\u0131d\u0131r.<\/p>\n<p>Birinci Qaraba\u011f m\u00fcharib\u0259si zaman\u0131 itkin d\u00fc\u015fm\u00fc\u015f 4 004 \u015f\u0259xsin 3 222-si h\u0259rbi qulluq\u00e7u, 782-si m\u00fclki \u015f\u0259xsdir.<\/p>\n<p>M\u00fclki \u015f\u0259xsl\u0259r aras\u0131nda 71 u\u015faq, 288 qad\u0131n v\u0259 319 ah\u0131l var.<\/p>\n<p>D\u00f6vl\u0259t Komissiyas\u0131n\u0131n m\u0259lumat\u0131na \u0259sas\u0259n, axtar\u0131\u015f v\u0259 ekshumasiya i\u015fl\u0259ri n\u0259tic\u0259sind\u0259 indiy\u0259d\u0259k 910 insan qal\u0131\u011f\u0131 a\u015fkar edil\u0259r\u0259k ekshumasiya olunub. Onlardan 5-i 2026-c\u0131 ilin avqustunda, 79-u is\u0259 cari ilin yanvar-avqust aylar\u0131nda a\u015fkar edilib.<\/p>\n<p>Eyni zamanda, DNT v\u0259 m\u0259hk\u0259m\u0259-tibbi \u00fcsullarla 328 itkin d\u00fc\u015fm\u00fc\u015f \u015f\u0259xsin kimliyi m\u00fc\u0259yy\u0259n edilib. Onlardan 57 n\u0259f\u0259rin kimliyi 2026-c\u0131 ilin yanvar-avqust aylar\u0131nda m\u00fc\u0259yy\u0259nl\u0259\u015fdirilib.<\/p>\n<p>Kimliyi m\u00fc\u0259yy\u0259n edil\u0259n \u015f\u0259xsl\u0259rd\u0259n 267-nin qal\u0131qlar\u0131 ail\u0259l\u0259rin\u0259 t\u0259hvil veril\u0259r\u0259k d\u0259fn olunub. Bu g\u00f6st\u0259ricinin 21-i avqust ay\u0131nda, 64-\u00fc is\u0259 2026-c\u0131 ilin ilk s\u0259kkiz ay\u0131nda qeyd\u0259 al\u0131n\u0131b.<\/p>\n<p>Haz\u0131rda i\u015f\u011faldan azad edilmi\u015f \u0259razil\u0259rd\u0259 32 k\u00fctl\u0259vi d\u0259fn yeri a\u015fkar edilib.<\/p>\n<p>Bel\u0259likl\u0259, 3 682 n\u0259f\u0259r h\u0259l\u0259 d\u0259 itkin d\u00fc\u015fm\u00fc\u015f hesab olunur.<\/p>\n<p>Qeyd edilib ki, D\u00f6vl\u0259t Komissiyas\u0131 itkin d\u00fc\u015fm\u00fc\u015f \u015f\u0259xsl\u0259rin axtar\u0131lmas\u0131, insan qal\u0131qlar\u0131n\u0131n a\u015fkar edil\u0259r\u0259k ekshumasiya olunmas\u0131, identifikasiyas\u0131 v\u0259 ail\u0259l\u0259rin\u0259 t\u0259hvil verilm\u0259si istiqam\u0259tind\u0259 f\u0259aliyy\u0259tini davam etdirir.<\/p>\n","protected":false},"excerpt":{"rendered":"<p>Birinci v\u0259 \u0130kinci Qaraba\u011f m\u00fcharib\u0259l\u0259ri il\u0259 \u0259laq\u0259dar 4 010 Az\u0259rbaycan v\u0259t\u0259nda\u015f\u0131 itkin d\u00fc\u015fm\u00fc\u015f \u015f\u0259xs kimi qeydiyyatdad\u0131r. Bu bar\u0259d\u0259 Az\u0259rbaycan Respublikas\u0131n\u0131n \u018fsir v\u0259 itkin d\u00fc\u015fm\u00fc\u015f, girov g\u00f6t\u00fcr\u00fclm\u00fc\u015f v\u0259t\u0259nda\u015flarla \u0259laq\u0259dar D\u00f6vl\u0259t Komissiyas\u0131n\u0131n&hellip;<\/p>\n","protected":false},"author":2,"featured_media":256769,"comment_status":"closed","ping_status":"closed","sticky":false,"template":"","format":"standard","meta":{"_lmt_disableupdate":"","_lmt_disable":"","footnotes":""},"categories":[34],"tags":[],"class_list":["post-256768","post","type-post","status-publish","format-standard","has-post-thumbnail","hentry","category-butun-xeberler"],"_links":{"self":[{"href":"https:\/\/ucnoqta.az\/index.php?rest_route=\/wp\/v2\/posts\/256768","targetHints":{"allow":["GET"]}}],"collection":[{"href":"https:\/\/ucnoqta.az\/index.php?rest_route=\/wp\/v2\/posts"}],"about":[{"href":"https:\/\/ucnoqta.az\/index.php?rest_route=\/wp\/v2\/types\/post"}],"author":[{"embeddable":true,"href":"https:\/\/ucnoqta.az\/index.php?rest_route=\/wp\/v2\/users\/2"}],"replies":[{"embeddable":true,"href":"https:\/\/ucnoqta.az\/index.php?rest_route=%2Fwp%2Fv2%2Fcomments&post=256768"}],"version-history":[{"count":0,"href":"https:\/\/ucnoqta.az\/index.php?rest_route=\/wp\/v2\/posts\/256768\/revisions"}],"wp:featuredmedia":[{"embeddable":true,"href":"https:\/\/ucnoqta.az\/index.php?rest_route=\/wp\/v2\/media\/256769"}],"wp:attachment":[{"href":"https:\/\/ucnoqta.az\/index.php?rest_route=%2Fwp%2Fv2%2Fmedia&parent=256768"}],"wp:term":[{"taxonomy":"category","embeddable":true,"href":"https:\/\/ucnoqta.az\/index.php?rest_route=%2Fwp%2Fv2%2Fcategories&post=256768"},{"taxonomy":"post_tag","embeddable":true,"href":"https:\/\/ucnoqta.az\/index.php?rest_route=%2Fwp%2Fv2%2Ftags&post=256768"}],"curies":[{"name":"wp","href":"https:\/\/api.w.org\/{rel}","templated":true}]}}