{"id":256762,"date":"2026-09-01T14:39:04","date_gmt":"2026-09-01T10:39:04","guid":{"rendered":"https:\/\/ucnoqta.az\/?p=256762"},"modified":"2026-09-01T14:39:04","modified_gmt":"2026-09-01T10:39:04","slug":"ilham-eliyev-set-plyus-formatinda-gorusd%c9%99-cixis-edib","status":"publish","type":"post","link":"https:\/\/ucnoqta.az\/?p=256762","title":{"rendered":"\u0130lham \u018fliyev \u201c\u015e\u018fT plyus\u201d format\u0131nda g\u00f6r\u00fc\u015fd\u0259 \u00e7\u0131x\u0131\u015f edib"},"content":{"rendered":"<p><strong>Q\u0131r\u011f\u0131z Respublikas\u0131n\u0131n paytaxt\u0131 Bi\u015fkek \u015f\u0259h\u0259rind\u0259 \u201c\u015e\u018fT plyus\u201d format\u0131nda g\u00f6r\u00fc\u015f ke\u00e7irilir.<\/strong><\/p>\n<p>Az\u0259rbaycan Respublikas\u0131n\u0131n Prezidenti \u0130lham \u018fliyev g\u00f6r\u00fc\u015fd\u0259 i\u015ftirak etm\u0259k \u00fc\u00e7\u00fcn Bi\u015fkekd\u0259ki \u201cIr\u0131s Ordo\u201d Konqres M\u0259rk\u0259zin\u0259 g\u0259ldi.<\/p>\n<p>Q\u0131r\u011f\u0131z Respublikas\u0131n\u0131n Prezidenti Sad\u0131r Japarov Prezident \u0130lham \u018fliyevi, dig\u0259r d\u00f6vl\u0259t v\u0259 h\u00f6kum\u0259t ba\u015f\u00e7\u0131lar\u0131n\u0131 salamlad\u0131.<\/p>\n<p>Sonra \u201c\u015e\u018fT plyus\u201d format\u0131nda ke\u00e7iril\u0259n g\u00f6r\u00fc\u015f\u00fcn i\u015ftirak\u00e7\u0131lar\u0131 birg\u0259 foto \u00e7\u0259kdirdil\u0259r.<\/p>\n<p>D\u00f6vl\u0259timizin ba\u015f\u00e7\u0131s\u0131 t\u0259dbird\u0259 \u00e7\u0131x\u0131\u015f edib.<\/p>\n","protected":false},"excerpt":{"rendered":"<p>Q\u0131r\u011f\u0131z Respublikas\u0131n\u0131n paytaxt\u0131 Bi\u015fkek \u015f\u0259h\u0259rind\u0259 \u201c\u015e\u018fT plyus\u201d format\u0131nda g\u00f6r\u00fc\u015f ke\u00e7irilir. Az\u0259rbaycan Respublikas\u0131n\u0131n Prezidenti \u0130lham \u018fliyev g\u00f6r\u00fc\u015fd\u0259 i\u015ftirak etm\u0259k \u00fc\u00e7\u00fcn Bi\u015fkekd\u0259ki \u201cIr\u0131s Ordo\u201d Konqres M\u0259rk\u0259zin\u0259 g\u0259ldi. Q\u0131r\u011f\u0131z Respublikas\u0131n\u0131n Prezidenti Sad\u0131r Japarov&hellip;<\/p>\n","protected":false},"author":2,"featured_media":256764,"comment_status":"closed","ping_status":"closed","sticky":false,"template":"","format":"standard","meta":{"_lmt_disableupdate":"","_lmt_disable":"","footnotes":""},"categories":[34,111],"tags":[],"class_list":["post-256762","post","type-post","status-publish","format-standard","has-post-thumbnail","hentry","category-butun-xeberler","category-manset"],"_links":{"self":[{"href":"https:\/\/ucnoqta.az\/index.php?rest_route=\/wp\/v2\/posts\/256762","targetHints":{"allow":["GET"]}}],"collection":[{"href":"https:\/\/ucnoqta.az\/index.php?rest_route=\/wp\/v2\/posts"}],"about":[{"href":"https:\/\/ucnoqta.az\/index.php?rest_route=\/wp\/v2\/types\/post"}],"author":[{"embeddable":true,"href":"https:\/\/ucnoqta.az\/index.php?rest_route=\/wp\/v2\/users\/2"}],"replies":[{"embeddable":true,"href":"https:\/\/ucnoqta.az\/index.php?rest_route=%2Fwp%2Fv2%2Fcomments&post=256762"}],"version-history":[{"count":0,"href":"https:\/\/ucnoqta.az\/index.php?rest_route=\/wp\/v2\/posts\/256762\/revisions"}],"wp:featuredmedia":[{"embeddable":true,"href":"https:\/\/ucnoqta.az\/index.php?rest_route=\/wp\/v2\/media\/256764"}],"wp:attachment":[{"href":"https:\/\/ucnoqta.az\/index.php?rest_route=%2Fwp%2Fv2%2Fmedia&parent=256762"}],"wp:term":[{"taxonomy":"category","embeddable":true,"href":"https:\/\/ucnoqta.az\/index.php?rest_route=%2Fwp%2Fv2%2Fcategories&post=256762"},{"taxonomy":"post_tag","embeddable":true,"href":"https:\/\/ucnoqta.az\/index.php?rest_route=%2Fwp%2Fv2%2Ftags&post=256762"}],"curies":[{"name":"wp","href":"https:\/\/api.w.org\/{rel}","templated":true}]}}