{"id":256759,"date":"2026-09-01T14:33:00","date_gmt":"2026-09-01T10:33:00","guid":{"rendered":"https:\/\/ucnoqta.az\/?p=256759"},"modified":"2026-09-01T14:33:00","modified_gmt":"2026-09-01T10:33:00","slug":"ukraynada-tam-v%c9%99-d%c9%99rhal-at%c9%99sk%c9%99sin-vaxti-catib-quterres","status":"publish","type":"post","link":"https:\/\/ucnoqta.az\/?p=256759","title":{"rendered":"Ukraynada tam v\u0259 d\u0259rhal at\u0259\u015fk\u0259sin vaxt\u0131 \u00e7at\u0131b &#8211; Quterre\u015f"},"content":{"rendered":"<p data-start=\"65\" data-end=\"184\"><strong>BMT-nin ba\u015f katibi Antonio Quterre\u015f Ukraynada d\u0259rhal v\u0259 tam at\u0259\u015fk\u0259sin elan edilm\u0259sinin vaxt\u0131n\u0131n \u00e7atd\u0131\u011f\u0131n\u0131 bildirib.<\/strong><\/p>\n<p data-start=\"186\" data-end=\"304\">Ucnoqta.az x\u0259b\u0259r verir ki, o, bu bar\u0259d\u0259 Bi\u015fkekd\u0259 ke\u00e7iril\u0259n \u015eanxay \u018fm\u0259kda\u015fl\u0131q T\u0259\u015fkilat\u0131n\u0131n (\u015e\u018fT) \u201c\u015e\u018fT+\u201d format\u0131nda sammitind\u0259 \u00e7\u0131x\u0131\u015f\u0131 zaman\u0131 deyib.<\/p>\n<p data-start=\"306\" data-end=\"459\">Quterre\u015fin s\u00f6zl\u0259rin\u0259 g\u00f6r\u0259, at\u0259\u015fk\u0259sin \u0259ld\u0259 olunmas\u0131 dan\u0131\u015f\u0131qlar\u0131n ba\u015flanmas\u0131 v\u0259 \u0259dal\u0259tli, davaml\u0131 v\u0259 h\u0259rt\u0259r\u0259fli s\u00fclh\u0259 nail olunmas\u0131 \u00fc\u00e7\u00fcn yol a\u00e7a bil\u0259r.<\/p>\n<p data-start=\"461\" data-end=\"587\">BMT r\u0259hb\u0259ri vur\u011fulay\u0131b ki, m\u00fcmk\u00fcn s\u00fclh beyn\u0259lxalq h\u00fcquqa, o c\u00fcml\u0259d\u0259n BMT Nizamnam\u0259sin\u0259 v\u0259 m\u00fcvafiq q\u0259tnam\u0259l\u0259r\u0259 uy\u011fun olmal\u0131d\u0131r.<\/p>\n<p data-start=\"589\" data-end=\"754\" data-is-last-node=\"\" data-is-only-node=\"\">Quterre\u015f qeyd edib ki, m\u00fcnaqi\u015f\u0259nin davam etdiyi d\u00f6rd ild\u0259n art\u0131q m\u00fcdd\u0259td\u0259n sonra t\u0259r\u0259fl\u0259rin h\u0259rbi \u0259m\u0259liyyatlar\u0131 dayand\u0131rmas\u0131 v\u0259 siyasi h\u0259ll yoluna ke\u00e7m\u0259si z\u0259ruridir.<\/p>\n","protected":false},"excerpt":{"rendered":"<p>BMT-nin ba\u015f katibi Antonio Quterre\u015f Ukraynada d\u0259rhal v\u0259 tam at\u0259\u015fk\u0259sin elan edilm\u0259sinin vaxt\u0131n\u0131n \u00e7atd\u0131\u011f\u0131n\u0131 bildirib. Ucnoqta.az x\u0259b\u0259r verir ki, o, bu bar\u0259d\u0259 Bi\u015fkekd\u0259 ke\u00e7iril\u0259n \u015eanxay \u018fm\u0259kda\u015fl\u0131q T\u0259\u015fkilat\u0131n\u0131n (\u015e\u018fT) \u201c\u015e\u018fT+\u201d format\u0131nda&hellip;<\/p>\n","protected":false},"author":2,"featured_media":256760,"comment_status":"closed","ping_status":"closed","sticky":false,"template":"","format":"standard","meta":{"_lmt_disableupdate":"","_lmt_disable":"","footnotes":""},"categories":[34],"tags":[],"class_list":["post-256759","post","type-post","status-publish","format-standard","has-post-thumbnail","hentry","category-butun-xeberler"],"_links":{"self":[{"href":"https:\/\/ucnoqta.az\/index.php?rest_route=\/wp\/v2\/posts\/256759","targetHints":{"allow":["GET"]}}],"collection":[{"href":"https:\/\/ucnoqta.az\/index.php?rest_route=\/wp\/v2\/posts"}],"about":[{"href":"https:\/\/ucnoqta.az\/index.php?rest_route=\/wp\/v2\/types\/post"}],"author":[{"embeddable":true,"href":"https:\/\/ucnoqta.az\/index.php?rest_route=\/wp\/v2\/users\/2"}],"replies":[{"embeddable":true,"href":"https:\/\/ucnoqta.az\/index.php?rest_route=%2Fwp%2Fv2%2Fcomments&post=256759"}],"version-history":[{"count":0,"href":"https:\/\/ucnoqta.az\/index.php?rest_route=\/wp\/v2\/posts\/256759\/revisions"}],"wp:featuredmedia":[{"embeddable":true,"href":"https:\/\/ucnoqta.az\/index.php?rest_route=\/wp\/v2\/media\/256760"}],"wp:attachment":[{"href":"https:\/\/ucnoqta.az\/index.php?rest_route=%2Fwp%2Fv2%2Fmedia&parent=256759"}],"wp:term":[{"taxonomy":"category","embeddable":true,"href":"https:\/\/ucnoqta.az\/index.php?rest_route=%2Fwp%2Fv2%2Fcategories&post=256759"},{"taxonomy":"post_tag","embeddable":true,"href":"https:\/\/ucnoqta.az\/index.php?rest_route=%2Fwp%2Fv2%2Ftags&post=256759"}],"curies":[{"name":"wp","href":"https:\/\/api.w.org\/{rel}","templated":true}]}}