{"id":256753,"date":"2026-09-01T14:22:01","date_gmt":"2026-09-01T10:22:01","guid":{"rendered":"https:\/\/ucnoqta.az\/?p=256753"},"modified":"2026-09-01T14:22:01","modified_gmt":"2026-09-01T10:22:01","slug":"c%c9%99nubi-qafqaz-sulh-zonasina-cevrilir-prezident-ilham-eliyev","status":"publish","type":"post","link":"https:\/\/ucnoqta.az\/?p=256753","title":{"rendered":"C\u0259nubi Qafqaz s\u00fclh zonas\u0131na \u00e7evrilir &#8211; Prezident \u0130lham \u018fliyev"},"content":{"rendered":"<p><strong>C\u0259nubi Qafqaz s\u00fclh zonas\u0131na \u00e7evrilir.<\/strong><\/p>\n<p>APA-n\u0131n verdiyi x\u0259b\u0259r\u0259 g\u00f6r\u0259, bunu Az\u0259rbaycan Respublikas\u0131n\u0131n Prezidenti \u0130lham \u018fliyev \u201c\u015e\u018fT plyus\u201d format\u0131nda g\u00f6r\u00fc\u015fd\u0259ki \u00e7\u0131x\u0131\u015f\u0131 zaman\u0131 deyib.<\/p>\n<p>\u201cBir ild\u0259n bir q\u0259d\u0259r \u0259vv\u0259l Az\u0259rbaycan v\u0259 Erm\u0259nistan 30 ild\u0259n art\u0131q davam ed\u0259n m\u00fcnaqi\u015f\u0259y\u0259 s\u00fclh sazi\u015finin m\u0259tnini paraflamaqla son qoyublar. Bununla da uzun ill\u0259r davam ed\u0259n m\u00fcnaqi\u015f\u0259l\u0259rin zonas\u0131 olmu\u015f C\u0259nubi Qafqaz s\u00fclh zonas\u0131na \u00e7evrilir&#8221;, &#8211; Az\u0259rbaycan lideri qeyd edib.<\/p>\n","protected":false},"excerpt":{"rendered":"<p>C\u0259nubi Qafqaz s\u00fclh zonas\u0131na \u00e7evrilir. APA-n\u0131n verdiyi x\u0259b\u0259r\u0259 g\u00f6r\u0259, bunu Az\u0259rbaycan Respublikas\u0131n\u0131n Prezidenti \u0130lham \u018fliyev \u201c\u015e\u018fT plyus\u201d format\u0131nda g\u00f6r\u00fc\u015fd\u0259ki \u00e7\u0131x\u0131\u015f\u0131 zaman\u0131 deyib. \u201cBir ild\u0259n bir q\u0259d\u0259r \u0259vv\u0259l Az\u0259rbaycan v\u0259 Erm\u0259nistan&hellip;<\/p>\n","protected":false},"author":2,"featured_media":256754,"comment_status":"closed","ping_status":"closed","sticky":false,"template":"","format":"standard","meta":{"_lmt_disableupdate":"","_lmt_disable":"","footnotes":""},"categories":[86],"tags":[],"class_list":["post-256753","post","type-post","status-publish","format-standard","has-post-thumbnail","hentry","category-siyaset"],"_links":{"self":[{"href":"https:\/\/ucnoqta.az\/index.php?rest_route=\/wp\/v2\/posts\/256753","targetHints":{"allow":["GET"]}}],"collection":[{"href":"https:\/\/ucnoqta.az\/index.php?rest_route=\/wp\/v2\/posts"}],"about":[{"href":"https:\/\/ucnoqta.az\/index.php?rest_route=\/wp\/v2\/types\/post"}],"author":[{"embeddable":true,"href":"https:\/\/ucnoqta.az\/index.php?rest_route=\/wp\/v2\/users\/2"}],"replies":[{"embeddable":true,"href":"https:\/\/ucnoqta.az\/index.php?rest_route=%2Fwp%2Fv2%2Fcomments&post=256753"}],"version-history":[{"count":0,"href":"https:\/\/ucnoqta.az\/index.php?rest_route=\/wp\/v2\/posts\/256753\/revisions"}],"wp:featuredmedia":[{"embeddable":true,"href":"https:\/\/ucnoqta.az\/index.php?rest_route=\/wp\/v2\/media\/256754"}],"wp:attachment":[{"href":"https:\/\/ucnoqta.az\/index.php?rest_route=%2Fwp%2Fv2%2Fmedia&parent=256753"}],"wp:term":[{"taxonomy":"category","embeddable":true,"href":"https:\/\/ucnoqta.az\/index.php?rest_route=%2Fwp%2Fv2%2Fcategories&post=256753"},{"taxonomy":"post_tag","embeddable":true,"href":"https:\/\/ucnoqta.az\/index.php?rest_route=%2Fwp%2Fv2%2Ftags&post=256753"}],"curies":[{"name":"wp","href":"https:\/\/api.w.org\/{rel}","templated":true}]}}