{"id":256747,"date":"2026-09-01T13:59:51","date_gmt":"2026-09-01T09:59:51","guid":{"rendered":"https:\/\/ucnoqta.az\/?p=256747"},"modified":"2026-09-01T13:59:51","modified_gmt":"2026-09-01T09:59:51","slug":"quterres-bmt-v%c9%99-dig%c9%99r-beyn%c9%99lxalq-institutlarin-islahatina-cagirib","status":"publish","type":"post","link":"https:\/\/ucnoqta.az\/?p=256747","title":{"rendered":"Quterre\u015f BMT v\u0259 dig\u0259r beyn\u0259lxalq institutlar\u0131n islahat\u0131na \u00e7a\u011f\u0131r\u0131b"},"content":{"rendered":"<p data-start=\"75\" data-end=\"280\"><strong>BMT-nin ba\u015f katibi Antonio Quterre\u015f beyn\u0259lxalq t\u0259\u015fkilatlar\u0131n m\u00fcasir \u00e7a\u011f\u0131r\u0131\u015flara daha effektiv cavab verm\u0259si \u00fc\u00e7\u00fcn BMT v\u0259 dig\u0259r beyn\u0259lxalq institutlarda islahatlar\u0131n apar\u0131lmas\u0131n\u0131n vacibliyini vur\u011fulay\u0131b.<\/strong><\/p>\n<p data-start=\"282\" data-end=\"413\">Ucnoqta.az x\u0259b\u0259r verir ki, Quterre\u015f bu bar\u0259d\u0259 Bi\u015fkekd\u0259 ke\u00e7iril\u0259n \u015eanxay \u018fm\u0259kda\u015fl\u0131q T\u0259\u015fkilat\u0131n\u0131n (\u015e\u018fT) \u201c\u015e\u018fT+\u201d format\u0131nda sammitind\u0259 \u00e7\u0131x\u0131\u015f\u0131 zaman\u0131 bildirib.<\/p>\n<p data-start=\"415\" data-end=\"591\">BMT ba\u015f katibi qeyd edib ki, d\u00fcnyada geosiyasi v\u0259 iqtisadi d\u0259yi\u015fiklikl\u0259r s\u00fcr\u0259tl\u0259nir v\u0259 beyn\u0259lxalq \u0259m\u0259kda\u015fl\u0131q mexanizml\u0259rinin m\u00f6vcud reall\u0131qlara uy\u011funla\u015fd\u0131r\u0131lmas\u0131na ehtiyac var.<\/p>\n<p data-start=\"593\" data-end=\"759\">Onun s\u00f6zl\u0259rin\u0259 g\u00f6r\u0259, beyn\u0259lxalq institutlar\u0131n islahat\u0131 onlar\u0131n daha \u0259dal\u0259tli, s\u0259m\u0259r\u0259li v\u0259 t\u0259msil\u00e7ilik bax\u0131m\u0131ndan balansl\u0131 f\u0259aliyy\u0259t g\u00f6st\u0259rm\u0259sin\u0259 imkan verm\u0259lidir.<\/p>\n<p data-start=\"761\" data-end=\"864\" data-is-last-node=\"\" data-is-only-node=\"\">Quterre\u015f h\u0259m\u00e7inin \u00f6lk\u0259l\u0259ri qlobal probleml\u0259rin h\u0259lli \u00fc\u00e7\u00fcn \u00e7oxt\u0259r\u0259fli \u0259m\u0259kda\u015fl\u0131\u011f\u0131 g\u00fccl\u0259ndirm\u0259y\u0259 \u00e7a\u011f\u0131r\u0131b.<\/p>\n","protected":false},"excerpt":{"rendered":"<p>BMT-nin ba\u015f katibi Antonio Quterre\u015f beyn\u0259lxalq t\u0259\u015fkilatlar\u0131n m\u00fcasir \u00e7a\u011f\u0131r\u0131\u015flara daha effektiv cavab verm\u0259si \u00fc\u00e7\u00fcn BMT v\u0259 dig\u0259r beyn\u0259lxalq institutlarda islahatlar\u0131n apar\u0131lmas\u0131n\u0131n vacibliyini vur\u011fulay\u0131b. Ucnoqta.az x\u0259b\u0259r verir ki, Quterre\u015f bu bar\u0259d\u0259&hellip;<\/p>\n","protected":false},"author":2,"featured_media":256748,"comment_status":"closed","ping_status":"closed","sticky":false,"template":"","format":"standard","meta":{"_lmt_disableupdate":"","_lmt_disable":"","footnotes":""},"categories":[34],"tags":[],"class_list":["post-256747","post","type-post","status-publish","format-standard","has-post-thumbnail","hentry","category-butun-xeberler"],"_links":{"self":[{"href":"https:\/\/ucnoqta.az\/index.php?rest_route=\/wp\/v2\/posts\/256747","targetHints":{"allow":["GET"]}}],"collection":[{"href":"https:\/\/ucnoqta.az\/index.php?rest_route=\/wp\/v2\/posts"}],"about":[{"href":"https:\/\/ucnoqta.az\/index.php?rest_route=\/wp\/v2\/types\/post"}],"author":[{"embeddable":true,"href":"https:\/\/ucnoqta.az\/index.php?rest_route=\/wp\/v2\/users\/2"}],"replies":[{"embeddable":true,"href":"https:\/\/ucnoqta.az\/index.php?rest_route=%2Fwp%2Fv2%2Fcomments&post=256747"}],"version-history":[{"count":0,"href":"https:\/\/ucnoqta.az\/index.php?rest_route=\/wp\/v2\/posts\/256747\/revisions"}],"wp:featuredmedia":[{"embeddable":true,"href":"https:\/\/ucnoqta.az\/index.php?rest_route=\/wp\/v2\/media\/256748"}],"wp:attachment":[{"href":"https:\/\/ucnoqta.az\/index.php?rest_route=%2Fwp%2Fv2%2Fmedia&parent=256747"}],"wp:term":[{"taxonomy":"category","embeddable":true,"href":"https:\/\/ucnoqta.az\/index.php?rest_route=%2Fwp%2Fv2%2Fcategories&post=256747"},{"taxonomy":"post_tag","embeddable":true,"href":"https:\/\/ucnoqta.az\/index.php?rest_route=%2Fwp%2Fv2%2Ftags&post=256747"}],"curies":[{"name":"wp","href":"https:\/\/api.w.org\/{rel}","templated":true}]}}