{"id":256728,"date":"2026-09-01T12:37:36","date_gmt":"2026-09-01T08:37:36","guid":{"rendered":"https:\/\/ucnoqta.az\/?p=256728"},"modified":"2026-09-01T12:37:36","modified_gmt":"2026-09-01T08:37:36","slug":"temperatur-artir-31-d%c9%99r%c9%99c%c9%99-isti-olacaq","status":"publish","type":"post","link":"https:\/\/ucnoqta.az\/?p=256728","title":{"rendered":"Temperatur art\u0131r &#8211; 31 d\u0259r\u0259c\u0259 isti olacaq"},"content":{"rendered":"<p><strong>Sentyabr\u0131n 2-d\u0259 g\u00f6zl\u0259nil\u0259n hava proqnozu a\u00e7\u0131qlan\u0131b.<\/strong><\/p>\n<p>Milli Hidrometeorologiya Xidm\u0259tind\u0259n Ucnoqta.az-a veril\u0259n x\u0259b\u0259r\u0259 g\u00f6r\u0259,Bak\u0131da v\u0259 Ab\u015feron yar\u0131madas\u0131nda hava \u015f\u0259raitinin d\u0259yi\u015fk\u0259n buludlu olaca\u011f\u0131, \u0259sas\u0259n ya\u011fmursuz ke\u00e7\u0259c\u0259yi g\u00f6zl\u0259nilir. M\u00fclayim \u015fimal-\u015f\u0259rq k\u00fcl\u0259yi \u0259s\u0259c\u0259k.<\/p>\n<p>Havan\u0131n temperaturu gec\u0259 18-20\u00b0 isti, g\u00fcnd\u00fcz 25-28\u00b0 isti olacaq. Atmosfer t\u0259zyiqi 762 mm civ\u0259 s\u00fctunu t\u0259\u015fkil ed\u0259c\u0259k. Nisbi r\u00fctub\u0259t 65-75 % olacaq.<\/p>\n<p>Az\u0259rbaycan\u0131n rayonlar\u0131nda \u0259ks\u0259r rayonlarda \u0259sas\u0259n ya\u011fmursuz olacaq. Lakin b\u0259zi da\u011fl\u0131q v\u0259 da\u011f\u0259t\u0259yi rayonlarda arabir ya\u011f\u0131\u015f ya\u011faca\u011f\u0131 g\u00f6zl\u0259nilir. Ayr\u0131-ayr\u0131 yerl\u0259rd\u0259 q\u0131sam\u00fcdd\u0259tli leysan xarakterli olaca\u011f\u0131, \u015fim\u015f\u0259k \u00e7axaca\u011f\u0131, dolu d\u00fc\u015f\u0259c\u0259yi ehtimal\u0131 var. Gec\u0259 v\u0259 s\u0259h\u0259r b\u0259zi da\u011fl\u0131q \u0259razil\u0259rd\u0259 arabir duman. \u015e\u0259rq k\u00fcl\u0259yi \u0259s\u0259c\u0259k.<\/p>\n<p>Havan\u0131n temperaturu gec\u0259 17-21\u00b0 isti, g\u00fcnd\u00fcz 26-31\u00b0 isti, da\u011flarda gec\u0259 9-14\u00b0 isti, g\u00fcnd\u00fcz 17-22\u00b0 isti olacaq.<\/p>\n","protected":false},"excerpt":{"rendered":"<p>Sentyabr\u0131n 2-d\u0259 g\u00f6zl\u0259nil\u0259n hava proqnozu a\u00e7\u0131qlan\u0131b. Milli Hidrometeorologiya Xidm\u0259tind\u0259n Ucnoqta.az-a veril\u0259n x\u0259b\u0259r\u0259 g\u00f6r\u0259,Bak\u0131da v\u0259 Ab\u015feron yar\u0131madas\u0131nda hava \u015f\u0259raitinin d\u0259yi\u015fk\u0259n buludlu olaca\u011f\u0131, \u0259sas\u0259n ya\u011fmursuz ke\u00e7\u0259c\u0259yi g\u00f6zl\u0259nilir. M\u00fclayim \u015fimal-\u015f\u0259rq k\u00fcl\u0259yi \u0259s\u0259c\u0259k. Havan\u0131n&hellip;<\/p>\n","protected":false},"author":2,"featured_media":252220,"comment_status":"closed","ping_status":"closed","sticky":false,"template":"","format":"standard","meta":{"_lmt_disableupdate":"","_lmt_disable":"","footnotes":""},"categories":[91],"tags":[],"class_list":["post-256728","post","type-post","status-publish","format-standard","has-post-thumbnail","hentry","category-olkeici"],"_links":{"self":[{"href":"https:\/\/ucnoqta.az\/index.php?rest_route=\/wp\/v2\/posts\/256728","targetHints":{"allow":["GET"]}}],"collection":[{"href":"https:\/\/ucnoqta.az\/index.php?rest_route=\/wp\/v2\/posts"}],"about":[{"href":"https:\/\/ucnoqta.az\/index.php?rest_route=\/wp\/v2\/types\/post"}],"author":[{"embeddable":true,"href":"https:\/\/ucnoqta.az\/index.php?rest_route=\/wp\/v2\/users\/2"}],"replies":[{"embeddable":true,"href":"https:\/\/ucnoqta.az\/index.php?rest_route=%2Fwp%2Fv2%2Fcomments&post=256728"}],"version-history":[{"count":0,"href":"https:\/\/ucnoqta.az\/index.php?rest_route=\/wp\/v2\/posts\/256728\/revisions"}],"wp:featuredmedia":[{"embeddable":true,"href":"https:\/\/ucnoqta.az\/index.php?rest_route=\/wp\/v2\/media\/252220"}],"wp:attachment":[{"href":"https:\/\/ucnoqta.az\/index.php?rest_route=%2Fwp%2Fv2%2Fmedia&parent=256728"}],"wp:term":[{"taxonomy":"category","embeddable":true,"href":"https:\/\/ucnoqta.az\/index.php?rest_route=%2Fwp%2Fv2%2Fcategories&post=256728"},{"taxonomy":"post_tag","embeddable":true,"href":"https:\/\/ucnoqta.az\/index.php?rest_route=%2Fwp%2Fv2%2Ftags&post=256728"}],"curies":[{"name":"wp","href":"https:\/\/api.w.org\/{rel}","templated":true}]}}