{"id":256713,"date":"2026-09-01T12:10:04","date_gmt":"2026-09-01T08:10:04","guid":{"rendered":"https:\/\/ucnoqta.az\/?p=256713"},"modified":"2026-09-01T12:10:04","modified_gmt":"2026-09-01T08:10:04","slug":"m%c9%99hk%c9%99m%c9%99-generali-vaxtindan-%c9%99vv%c9%99l-azad-edilm%c9%99sin%c9%99-niy%c9%99-icaz%c9%99-verilm%c9%99diyini-aciqlayib","status":"publish","type":"post","link":"https:\/\/ucnoqta.az\/?p=256713","title":{"rendered":"M\u0259hk\u0259m\u0259 general\u0131 vaxt\u0131ndan \u0259vv\u0259l azad edilm\u0259sin\u0259 niy\u0259 icaz\u0259 verilm\u0259diyini a\u00e7\u0131qlay\u0131b"},"content":{"rendered":"<p data-start=\"91\" data-end=\"301\"><strong>Haaqadak\u0131 Beyn\u0259lxalq Cinay\u0259t Tribunal\u0131 Mexanizmi Bosniya serbl\u0259rinin ke\u00e7mi\u015f ordu komandan\u0131, general Ratko Mlad\u0131\u00e7\u0131n vaxt\u0131ndan \u0259vv\u0259l azadl\u0131\u011fa burax\u0131lmas\u0131 il\u0259 ba\u011fl\u0131 m\u00fcraci\u0259tinin niy\u0259 r\u0259dd edildiyini a\u00e7\u0131qlay\u0131b.<\/strong><\/p>\n<p data-start=\"303\" data-end=\"486\">Ucnoqta.az x\u0259b\u0259r verir ki, m\u0259hk\u0259m\u0259nin m\u0259lumat\u0131na g\u00f6r\u0259, Mlad\u0131\u00e7 humanitar s\u0259b\u0259bl\u0259rd\u0259n, o c\u00fcml\u0259d\u0259n yax\u0131nlar\u0131 il\u0259 daha tez-tez g\u00f6r\u00fc\u015f\u0259 bilm\u0259si \u00fc\u00e7\u00fcn vaxt\u0131ndan \u0259vv\u0259l azad edilm\u0259sini v\u0259 Serbiyaya k\u00f6\u00e7\u00fcr\u00fclm\u0259sini ist\u0259yib.<\/p>\n<p data-start=\"488\" data-end=\"845\">Tribunal\u0131n n\u00fcmay\u0259nd\u0259si TASS-a bildirib ki, q\u0259rar q\u0259bul edil\u0259rk\u0259n Mlad\u0131\u00e7\u0131n tibbi yard\u0131mla tam t\u0259min olunmas\u0131 v\u0259 g\u00fcnd\u0259lik ehtiyaclar\u0131n\u0131n qar\u015f\u0131lanmas\u0131 n\u0259z\u0259r\u0259 al\u0131n\u0131b. Qeyd olunub ki, ona g\u00f6st\u0259ril\u0259n tibbi xidm\u0259t beyn\u0259lxalq minimum standartlardan \u0259h\u0259miyy\u0259tli d\u0259r\u0259c\u0259d\u0259 y\u00fcks\u0259k olub v\u0259 onun sa\u011flaml\u0131q v\u0259ziyy\u0259ti v\u0259 fundamental h\u00fcquqlar\u0131 n\u0259z\u0259r\u0259 al\u0131n\u0131b.<\/p>\n<p data-start=\"847\" data-end=\"975\">M\u0259hk\u0259m\u0259 h\u0259m\u00e7inin Mlad\u0131\u00e7\u0131n saxlanma \u015f\u0259raitind\u0259 yax\u0131nlar\u0131 il\u0259 \u0259laq\u0259 saxlamas\u0131 \u00fc\u00e7\u00fcn \u201c\u0259h\u0259miyy\u0259tli imkanlar\u0131n\u201d oldu\u011funu bildirib.<\/p>\n<p data-start=\"977\" data-end=\"1045\" data-is-last-node=\"\" data-is-only-node=\"\">Ratko Mlad\u0131\u00e7 27 avqustda Haaqadak\u0131 BMT h\u0259bsxanas\u0131nda v\u0259fat edib.<\/p>\n","protected":false},"excerpt":{"rendered":"<p>Haaqadak\u0131 Beyn\u0259lxalq Cinay\u0259t Tribunal\u0131 Mexanizmi Bosniya serbl\u0259rinin ke\u00e7mi\u015f ordu komandan\u0131, general Ratko Mlad\u0131\u00e7\u0131n vaxt\u0131ndan \u0259vv\u0259l azadl\u0131\u011fa burax\u0131lmas\u0131 il\u0259 ba\u011fl\u0131 m\u00fcraci\u0259tinin niy\u0259 r\u0259dd edildiyini a\u00e7\u0131qlay\u0131b. Ucnoqta.az x\u0259b\u0259r verir ki, m\u0259hk\u0259m\u0259nin m\u0259lumat\u0131na&hellip;<\/p>\n","protected":false},"author":2,"featured_media":256714,"comment_status":"closed","ping_status":"closed","sticky":false,"template":"","format":"standard","meta":{"_lmt_disableupdate":"","_lmt_disable":"","footnotes":""},"categories":[89],"tags":[],"class_list":["post-256713","post","type-post","status-publish","format-standard","has-post-thumbnail","hentry","category-dunya-butun-xeberler"],"_links":{"self":[{"href":"https:\/\/ucnoqta.az\/index.php?rest_route=\/wp\/v2\/posts\/256713","targetHints":{"allow":["GET"]}}],"collection":[{"href":"https:\/\/ucnoqta.az\/index.php?rest_route=\/wp\/v2\/posts"}],"about":[{"href":"https:\/\/ucnoqta.az\/index.php?rest_route=\/wp\/v2\/types\/post"}],"author":[{"embeddable":true,"href":"https:\/\/ucnoqta.az\/index.php?rest_route=\/wp\/v2\/users\/2"}],"replies":[{"embeddable":true,"href":"https:\/\/ucnoqta.az\/index.php?rest_route=%2Fwp%2Fv2%2Fcomments&post=256713"}],"version-history":[{"count":0,"href":"https:\/\/ucnoqta.az\/index.php?rest_route=\/wp\/v2\/posts\/256713\/revisions"}],"wp:featuredmedia":[{"embeddable":true,"href":"https:\/\/ucnoqta.az\/index.php?rest_route=\/wp\/v2\/media\/256714"}],"wp:attachment":[{"href":"https:\/\/ucnoqta.az\/index.php?rest_route=%2Fwp%2Fv2%2Fmedia&parent=256713"}],"wp:term":[{"taxonomy":"category","embeddable":true,"href":"https:\/\/ucnoqta.az\/index.php?rest_route=%2Fwp%2Fv2%2Fcategories&post=256713"},{"taxonomy":"post_tag","embeddable":true,"href":"https:\/\/ucnoqta.az\/index.php?rest_route=%2Fwp%2Fv2%2Ftags&post=256713"}],"curies":[{"name":"wp","href":"https:\/\/api.w.org\/{rel}","templated":true}]}}