{"id":256704,"date":"2026-09-01T11:46:38","date_gmt":"2026-09-01T07:46:38","guid":{"rendered":"https:\/\/ucnoqta.az\/?p=256704"},"modified":"2026-09-01T11:46:38","modified_gmt":"2026-09-01T07:46:38","slug":"ilham-eliyev-hindistanin-bas-naziri-il%c9%99-gorusub-foto","status":"publish","type":"post","link":"https:\/\/ucnoqta.az\/?p=256704","title":{"rendered":"\u0130lham \u018fliyev Hindistan\u0131n Ba\u015f naziri il\u0259 g\u00f6r\u00fc\u015f\u00fcb &#8211; FOTO"},"content":{"rendered":"<p><strong>Az\u0259rbaycan Prezidenti \u0130lham \u018fliyev Q\u0131r\u011f\u0131z\u0131stan\u0131n paytaxt\u0131 Bi\u015fkekd\u0259 \u015eanxay \u018fm\u0259kda\u015fl\u0131q T\u0259\u015fkilat\u0131n\u0131n (\u015e\u018fT) Sammiti \u00e7\u0259r\u00e7iv\u0259sind\u0259 Hindistan\u0131n Ba\u015f naziri Narendra Modi il\u0259 g\u00f6r\u00fc\u015f\u00fcb.<\/strong><\/p>\n<p>Ucnoqta.az x\u0259b\u0259r verir ki, g\u00f6r\u00fc\u015f zaman\u0131 Az\u0259rbaycan il\u0259 Hindistan aras\u0131nda m\u00fcnasib\u0259tl\u0259r, el\u0259c\u0259 d\u0259 qar\u015f\u0131l\u0131ql\u0131 maraq do\u011furan m\u0259s\u0259l\u0259l\u0259r \u0259traf\u0131nda fikir m\u00fcbadil\u0259si apar\u0131l\u0131b.<\/p>\n<div data-sliderid=\"20767\" id=\"penci-post-gallery__20767\" class=\"penci-post-gallery-container justified column-3\" data-height=\"150\" data-margin=\"3\"><a class=\"penci-gallery-ite item-gallery-justified\" href=\"https:\/\/ucnoqta.az\/wp-content\/uploads\/2026\/09\/3aa.jpg\" data-rel=\"penci-gallery-image-content\" ><img decoding=\"async\" src=\"https:\/\/ucnoqta.az\/wp-content\/uploads\/2026\/09\/3aa-585x439.jpg\" alt=\"\" title=\"3aa\"><\/a><a class=\"penci-gallery-ite item-gallery-justified\" href=\"https:\/\/ucnoqta.az\/wp-content\/uploads\/2026\/09\/3a.jpg\" data-rel=\"penci-gallery-image-content\" ><img decoding=\"async\" src=\"https:\/\/ucnoqta.az\/wp-content\/uploads\/2026\/09\/3a-585x439.jpg\" alt=\"\" title=\"3a\"><\/a><a class=\"penci-gallery-ite item-gallery-justified\" href=\"https:\/\/ucnoqta.az\/wp-content\/uploads\/2026\/09\/2a.jpg\" data-rel=\"penci-gallery-image-content\" ><img decoding=\"async\" src=\"https:\/\/ucnoqta.az\/wp-content\/uploads\/2026\/09\/2a-585x439.jpg\" alt=\"\" title=\"2a\"><\/a><\/div>\n","protected":false},"excerpt":{"rendered":"<p>Az\u0259rbaycan Prezidenti \u0130lham \u018fliyev Q\u0131r\u011f\u0131z\u0131stan\u0131n paytaxt\u0131 Bi\u015fkekd\u0259 \u015eanxay \u018fm\u0259kda\u015fl\u0131q T\u0259\u015fkilat\u0131n\u0131n (\u015e\u018fT) Sammiti \u00e7\u0259r\u00e7iv\u0259sind\u0259 Hindistan\u0131n Ba\u015f naziri Narendra Modi il\u0259 g\u00f6r\u00fc\u015f\u00fcb. Ucnoqta.az x\u0259b\u0259r verir ki, g\u00f6r\u00fc\u015f zaman\u0131 Az\u0259rbaycan il\u0259 Hindistan aras\u0131nda&hellip;<\/p>\n","protected":false},"author":2,"featured_media":256705,"comment_status":"closed","ping_status":"closed","sticky":false,"template":"","format":"standard","meta":{"_lmt_disableupdate":"","_lmt_disable":"","footnotes":""},"categories":[34,111],"tags":[],"class_list":["post-256704","post","type-post","status-publish","format-standard","has-post-thumbnail","hentry","category-butun-xeberler","category-manset"],"_links":{"self":[{"href":"https:\/\/ucnoqta.az\/index.php?rest_route=\/wp\/v2\/posts\/256704","targetHints":{"allow":["GET"]}}],"collection":[{"href":"https:\/\/ucnoqta.az\/index.php?rest_route=\/wp\/v2\/posts"}],"about":[{"href":"https:\/\/ucnoqta.az\/index.php?rest_route=\/wp\/v2\/types\/post"}],"author":[{"embeddable":true,"href":"https:\/\/ucnoqta.az\/index.php?rest_route=\/wp\/v2\/users\/2"}],"replies":[{"embeddable":true,"href":"https:\/\/ucnoqta.az\/index.php?rest_route=%2Fwp%2Fv2%2Fcomments&post=256704"}],"version-history":[{"count":0,"href":"https:\/\/ucnoqta.az\/index.php?rest_route=\/wp\/v2\/posts\/256704\/revisions"}],"wp:featuredmedia":[{"embeddable":true,"href":"https:\/\/ucnoqta.az\/index.php?rest_route=\/wp\/v2\/media\/256705"}],"wp:attachment":[{"href":"https:\/\/ucnoqta.az\/index.php?rest_route=%2Fwp%2Fv2%2Fmedia&parent=256704"}],"wp:term":[{"taxonomy":"category","embeddable":true,"href":"https:\/\/ucnoqta.az\/index.php?rest_route=%2Fwp%2Fv2%2Fcategories&post=256704"},{"taxonomy":"post_tag","embeddable":true,"href":"https:\/\/ucnoqta.az\/index.php?rest_route=%2Fwp%2Fv2%2Ftags&post=256704"}],"curies":[{"name":"wp","href":"https:\/\/api.w.org\/{rel}","templated":true}]}}